{"id":1187,"date":"2026-04-29T16:20:24","date_gmt":"2026-04-29T13:20:24","guid":{"rendered":"https:\/\/ticaret.edu.tr\/mimarlik-ve-tasarim-fakultesi\/?p=1187"},"modified":"2026-04-29T16:20:24","modified_gmt":"2026-04-29T13:20:24","slug":"peyk26-pratik-ve-egitim-yorungesinde-konusmalar","status":"publish","type":"post","link":"http:\/\/ticaret.edu.tr\/mimarlik-ve-tasarim-fakultesi\/2026\/04\/29\/peyk26-pratik-ve-egitim-yorungesinde-konusmalar\/","title":{"rendered":"PEYK&#8217;26 Pratik ve E\u011fitim Y\u00f6r\u00fcngesinde Konu\u015fmalar"},"content":{"rendered":"<p data-start=\"139\" data-end=\"363\"><strong data-start=\"139\" data-end=\"363\">\u0130\u00e7 Mimarl\u0131k ve \u00c7evre Tasar\u0131m\u0131 B\u00f6l\u00fcm\u00fc ile Kreatif D\u00fc\u015f\u00fcnce Toplulu\u011fu i\u015f birli\u011finde d\u00fczenlenen PEYK\u201926 \u2013 Pratik ve E\u011fitim Y\u00f6r\u00fcngesinde Konu\u015fmalar, 30 Nisan Per\u015fembe g\u00fcn\u00fc Hezarfen Kamp\u00fcs\u00fc K\u00fc\u00e7\u00fckyal\u0131&#8217;da ger\u00e7ekle\u015ftirilecektir.<\/strong><\/p>\n<p data-start=\"365\" data-end=\"589\">Program boyunca alan\u0131nda deneyimli tasar\u0131mc\u0131lar konu\u015fmalar\u0131yla bilgi ve deneyimlerini payla\u015facakt\u0131r. Fuaye alan\u0131nda yer alacak firmalar ise yenilik\u00e7i yap\u0131 malzemeleri ve sekt\u00f6rel \u00e7\u00f6z\u00fcmlerini kat\u0131l\u0131mc\u0131larla bulu\u015fturacakt\u0131r.<\/p>\n<p data-start=\"591\" data-end=\"805\">PEYK\u201926, akademi ile profesyonel d\u00fcnyay\u0131 bir araya getiren \u00f6nemli bir bulu\u015fma zemini sunmaktad\u0131r. Program, disiplinleraras\u0131 etkile\u015fimi desteklemeyi ve g\u00fcncel tasar\u0131m yakla\u015f\u0131mlar\u0131n\u0131 tart\u0131\u015fmaya a\u00e7may\u0131 ama\u00e7lamaktad\u0131r.<\/p>\n<p data-start=\"807\" data-end=\"1034\">Tasar\u0131m prati\u011fine farkl\u0131 perspektiflerden bakmak isteyenler i\u00e7in etkinlik \u00f6nemli bir payla\u015f\u0131m ortam\u0131 sunmaktad\u0131r. Sekt\u00f6r profesyonelleriyle bir araya gelmek ve g\u00fcncel geli\u015fmeleri takip etmek isteyen t\u00fcm kat\u0131l\u0131mc\u0131lar davetlidir.<\/p>\n<p data-start=\"1036\" data-end=\"1126\"><strong data-start=\"1036\" data-end=\"1058\">Etkinlik Bilgileri<\/strong><br data-start=\"1058\" data-end=\"1061\" \/>\ud83d\udccd Yer: Hazerfen Kamp\u00fcs\u00fc, K\u00fc\u00e7\u00fckyal\u0131<br data-start=\"1096\" data-end=\"1099\" \/>\ud83d\uddd3 Tarih: 30 Nisan Per\u015fembe<\/p>\n<ul data-start=\"1128\" data-end=\"1234\">\n<li data-section-id=\"1dn54bs\" data-start=\"1128\" data-end=\"1167\">Etkinlik t\u00fcm kat\u0131l\u0131mc\u0131lara a\u00e7\u0131kt\u0131r.<\/li>\n<li data-section-id=\"z3o62m\" data-start=\"1168\" data-end=\"1234\">Kat\u0131l\u0131m i\u00e7in etkinlik \u00f6ncesinde form doldurulmas\u0131 gerekmektedir.<\/li>\n<\/ul>\n<p data-start=\"1236\" data-end=\"1328\">PEYK\u201926 kapsam\u0131nda ilham veren konu\u015fmalar ve sekt\u00f6r bulu\u015fmalar\u0131 kat\u0131l\u0131mc\u0131lar\u0131 beklemektedir.<\/p>\n<p><img loading=\"lazy\" decoding=\"async\" class=\"alignnone size-full wp-image-1212\" src=\"http:\/\/ticaret.edu.tr\/mimarlik-ve-tasarim-fakultesi\/wp-content\/uploads\/sites\/6\/2026\/04\/ETKINLIK-BANNER-KARE-1080x1080-1.png\" alt=\"\" width=\"4082\" height=\"4082\" srcset=\"http:\/\/ticaret.edu.tr\/mimarlik-ve-tasarim-fakultesi\/wp-content\/uploads\/sites\/6\/2026\/04\/ETKINLIK-BANNER-KARE-1080x1080-1.png 4082w, http:\/\/ticaret.edu.tr\/mimarlik-ve-tasarim-fakultesi\/wp-content\/uploads\/sites\/6\/2026\/04\/ETKINLIK-BANNER-KARE-1080x1080-1-300x300.png 300w, http:\/\/ticaret.edu.tr\/mimarlik-ve-tasarim-fakultesi\/wp-content\/uploads\/sites\/6\/2026\/04\/ETKINLIK-BANNER-KARE-1080x1080-1-1024x1024.png 1024w, http:\/\/ticaret.edu.tr\/mimarlik-ve-tasarim-fakultesi\/wp-content\/uploads\/sites\/6\/2026\/04\/ETKINLIK-BANNER-KARE-1080x1080-1-150x150.png 150w, http:\/\/ticaret.edu.tr\/mimarlik-ve-tasarim-fakultesi\/wp-content\/uploads\/sites\/6\/2026\/04\/ETKINLIK-BANNER-KARE-1080x1080-1-768x768.png 768w, http:\/\/ticaret.edu.tr\/mimarlik-ve-tasarim-fakultesi\/wp-content\/uploads\/sites\/6\/2026\/04\/ETKINLIK-BANNER-KARE-1080x1080-1-1536x1536.png 1536w, http:\/\/ticaret.edu.tr\/mimarlik-ve-tasarim-fakultesi\/wp-content\/uploads\/sites\/6\/2026\/04\/ETKINLIK-BANNER-KARE-1080x1080-1-2048x2048.png 2048w\" sizes=\"(max-width: 4082px) 100vw, 4082px\" \/> <img loading=\"lazy\" decoding=\"async\" class=\"alignnone size-full wp-image-1215\" src=\"http:\/\/ticaret.edu.tr\/mimarlik-ve-tasarim-fakultesi\/wp-content\/uploads\/sites\/6\/2026\/04\/ETKINLIK-BANNER-KARE-1080x1080-2.png\" alt=\"\" width=\"4082\" height=\"4082\" srcset=\"http:\/\/ticaret.edu.tr\/mimarlik-ve-tasarim-fakultesi\/wp-content\/uploads\/sites\/6\/2026\/04\/ETKINLIK-BANNER-KARE-1080x1080-2.png 4082w, http:\/\/ticaret.edu.tr\/mimarlik-ve-tasarim-fakultesi\/wp-content\/uploads\/sites\/6\/2026\/04\/ETKINLIK-BANNER-KARE-1080x1080-2-300x300.png 300w, http:\/\/ticaret.edu.tr\/mimarlik-ve-tasarim-fakultesi\/wp-content\/uploads\/sites\/6\/2026\/04\/ETKINLIK-BANNER-KARE-1080x1080-2-1024x1024.png 1024w, http:\/\/ticaret.edu.tr\/mimarlik-ve-tasarim-fakultesi\/wp-content\/uploads\/sites\/6\/2026\/04\/ETKINLIK-BANNER-KARE-1080x1080-2-150x150.png 150w, http:\/\/ticaret.edu.tr\/mimarlik-ve-tasarim-fakultesi\/wp-content\/uploads\/sites\/6\/2026\/04\/ETKINLIK-BANNER-KARE-1080x1080-2-768x768.png 768w, http:\/\/ticaret.edu.tr\/mimarlik-ve-tasarim-fakultesi\/wp-content\/uploads\/sites\/6\/2026\/04\/ETKINLIK-BANNER-KARE-1080x1080-2-1536x1536.png 1536w, http:\/\/ticaret.edu.tr\/mimarlik-ve-tasarim-fakultesi\/wp-content\/uploads\/sites\/6\/2026\/04\/ETKINLIK-BANNER-KARE-1080x1080-2-2048x2048.png 2048w\" sizes=\"(max-width: 4082px) 100vw, 4082px\" \/><\/p>\n","protected":false},"excerpt":{"rendered":"<p>\u0130\u00e7 Mimarl\u0131k ve \u00c7evre Tasar\u0131m\u0131 B\u00f6l\u00fcm\u00fc ile Kreatif D\u00fc\u015f\u00fcnce Toplulu\u011fu i\u015f birli\u011finde d\u00fczenlenen PEYK\u201926 \u2013 Pratik ve E\u011fitim Y\u00f6r\u00fcngesinde Konu\u015fmalar, 30 Nisan Per\u015fembe g\u00fcn\u00fc Hezarfen Kamp\u00fcs\u00fc K\u00fc\u00e7\u00fckyal\u0131&#8217;da ger\u00e7ekle\u015ftirilecektir. Program boyunca alan\u0131nda deneyimli tasar\u0131mc\u0131lar konu\u015fmalar\u0131yla bilgi ve deneyimlerini payla\u015facakt\u0131r. Fuaye alan\u0131nda yer alacak firmalar ise yenilik\u00e7i yap\u0131 malzemeleri ve sekt\u00f6rel \u00e7\u00f6z\u00fcmlerini kat\u0131l\u0131mc\u0131larla bulu\u015fturacakt\u0131r. PEYK\u201926, akademi ile [&hellip;]<\/p>\n","protected":false},"author":99,"featured_media":1212,"comment_status":"closed","ping_status":"closed","sticky":false,"template":"","format":"standard","meta":{"footnotes":""},"categories":[4],"tags":[],"yoast_head":"<!-- This site is optimized with the Yoast SEO Premium plugin v22.1 (Yoast SEO v22.1) - https:\/\/yoast.com\/wordpress\/plugins\/seo\/ -->\n<title>PEYK&#039;26 Pratik ve E\u011fitim Y\u00f6r\u00fcngesinde Konu\u015fmalar Mimarl\u0131k ve Tasar\u0131m Fak\u00fcltesi - Etkinlikler - Mimarl\u0131k ve Tasar\u0131m Fak\u00fcltesi<\/title>\n<meta name=\"description\" content=\"\u0130stanbul Ticaret \u00dcniversitesi \u0130\u00e7 Mimarl\u0131k ve \u00c7evre Tasar\u0131m\u0131 B\u00f6l\u00fcm\u00fc taraf\u0131ndan d\u00fczenlenen PEYK\u201926 konu\u015fma program\u0131 sekt\u00f6r ve akademiyi bir araya getiriyor.\" \/>\n<meta name=\"robots\" content=\"index, follow, max-snippet:-1, max-image-preview:large, max-video-preview:-1\" \/>\n<link rel=\"canonical\" href=\"https:\/\/ticaret.edu.tr\/mimarlik-ve-tasarim-fakultesi\/2026\/04\/29\/peyk26-pratik-ve-egitim-yorungesinde-konusmalar\/\" \/>\n<meta property=\"og:locale\" content=\"tr_TR\" \/>\n<meta property=\"og:type\" content=\"article\" \/>\n<meta property=\"og:title\" content=\"PEYK&#039;26 Pratik ve E\u011fitim Y\u00f6r\u00fcngesinde Konu\u015fmalar\" \/>\n<meta property=\"og:description\" content=\"\u0130stanbul Ticaret \u00dcniversitesi \u0130\u00e7 Mimarl\u0131k ve \u00c7evre Tasar\u0131m\u0131 B\u00f6l\u00fcm\u00fc taraf\u0131ndan d\u00fczenlenen PEYK\u201926 konu\u015fma program\u0131 sekt\u00f6r ve akademiyi bir araya getiriyor.\" \/>\n<meta property=\"og:url\" content=\"https:\/\/ticaret.edu.tr\/mimarlik-ve-tasarim-fakultesi\/2026\/04\/29\/peyk26-pratik-ve-egitim-yorungesinde-konusmalar\/\" \/>\n<meta property=\"og:site_name\" content=\"Mimarl\u0131k ve Tasar\u0131m Fak\u00fcltesi\" \/>\n<meta property=\"article:publisher\" content=\"https:\/\/www.facebook.com\/ticaretedutr\" \/>\n<meta property=\"article:published_time\" content=\"2026-04-29T13:20:24+00:00\" \/>\n<meta property=\"og:image\" content=\"http:\/\/ticaret.edu.tr\/mimarlik-ve-tasarim-fakultesi\/wp-content\/uploads\/sites\/6\/2026\/04\/ETKINLIK-BANNER-KARE-1080x1080-1.png\" \/>\n\t<meta property=\"og:image:width\" content=\"4082\" \/>\n\t<meta property=\"og:image:height\" content=\"4082\" \/>\n\t<meta property=\"og:image:type\" content=\"image\/png\" \/>\n<meta name=\"author\" content=\"aeser\" \/>\n<meta name=\"twitter:card\" content=\"summary_large_image\" \/>\n<meta name=\"twitter:creator\" content=\"@ticaretedutr\" \/>\n<meta name=\"twitter:site\" content=\"@ticaretedutr\" \/>\n<meta name=\"twitter:label1\" content=\"Yazan:\" \/>\n\t<meta name=\"twitter:data1\" content=\"aeser\" \/>\n\t<meta name=\"twitter:label2\" content=\"Tahmini okuma s\u00fcresi\" \/>\n\t<meta name=\"twitter:data2\" content=\"2 dakika\" \/>\n<script type=\"application\/ld+json\" class=\"yoast-schema-graph\">{\"@context\":\"https:\/\/schema.org\",\"@graph\":[{\"@type\":\"WebPage\",\"@id\":\"https:\/\/ticaret.edu.tr\/mimarlik-ve-tasarim-fakultesi\/2026\/04\/29\/peyk26-pratik-ve-egitim-yorungesinde-konusmalar\/\",\"url\":\"https:\/\/ticaret.edu.tr\/mimarlik-ve-tasarim-fakultesi\/2026\/04\/29\/peyk26-pratik-ve-egitim-yorungesinde-konusmalar\/\",\"name\":\"PEYK'26 Pratik ve E\u011fitim Y\u00f6r\u00fcngesinde Konu\u015fmalar Mimarl\u0131k ve Tasar\u0131m Fak\u00fcltesi - Etkinlikler - Mimarl\u0131k ve Tasar\u0131m Fak\u00fcltesi\",\"isPartOf\":{\"@id\":\"https:\/\/ticaret.edu.tr\/mimarlik-ve-tasarim-fakultesi\/#website\"},\"datePublished\":\"2026-04-29T13:20:24+00:00\",\"dateModified\":\"2026-04-29T13:20:24+00:00\",\"author\":{\"@id\":\"https:\/\/ticaret.edu.tr\/mimarlik-ve-tasarim-fakultesi\/#\/schema\/person\/c2e72bfd2c9a2b65ae52512cfd672bea\"},\"description\":\"\u0130stanbul Ticaret \u00dcniversitesi \u0130\u00e7 Mimarl\u0131k ve \u00c7evre Tasar\u0131m\u0131 B\u00f6l\u00fcm\u00fc taraf\u0131ndan d\u00fczenlenen PEYK\u201926 konu\u015fma program\u0131 sekt\u00f6r ve akademiyi bir araya getiriyor.\",\"breadcrumb\":{\"@id\":\"https:\/\/ticaret.edu.tr\/mimarlik-ve-tasarim-fakultesi\/2026\/04\/29\/peyk26-pratik-ve-egitim-yorungesinde-konusmalar\/#breadcrumb\"},\"inLanguage\":\"tr\",\"potentialAction\":[{\"@type\":\"ReadAction\",\"target\":[\"https:\/\/ticaret.edu.tr\/mimarlik-ve-tasarim-fakultesi\/2026\/04\/29\/peyk26-pratik-ve-egitim-yorungesinde-konusmalar\/\"]}]},{\"@type\":\"BreadcrumbList\",\"@id\":\"https:\/\/ticaret.edu.tr\/mimarlik-ve-tasarim-fakultesi\/2026\/04\/29\/peyk26-pratik-ve-egitim-yorungesinde-konusmalar\/#breadcrumb\",\"itemListElement\":[{\"@type\":\"ListItem\",\"position\":1,\"name\":\"Ana sayfa\",\"item\":\"https:\/\/ticaret.edu.tr\/mimarlik-ve-tasarim-fakultesi\/\"},{\"@type\":\"ListItem\",\"position\":2,\"name\":\"PEYK&#8217;26 Pratik ve E\u011fitim Y\u00f6r\u00fcngesinde Konu\u015fmalar\"}]},{\"@type\":\"WebSite\",\"@id\":\"https:\/\/ticaret.edu.tr\/mimarlik-ve-tasarim-fakultesi\/#website\",\"url\":\"https:\/\/ticaret.edu.tr\/mimarlik-ve-tasarim-fakultesi\/\",\"name\":\"Mimarl\u0131k ve Tasar\u0131m Fak\u00fcltesi\",\"description\":\"\",\"potentialAction\":[{\"@type\":\"SearchAction\",\"target\":{\"@type\":\"EntryPoint\",\"urlTemplate\":\"https:\/\/ticaret.edu.tr\/mimarlik-ve-tasarim-fakultesi\/?s={search_term_string}\"},\"query-input\":\"required name=search_term_string\"}],\"inLanguage\":\"tr\"},{\"@type\":\"Person\",\"@id\":\"https:\/\/ticaret.edu.tr\/mimarlik-ve-tasarim-fakultesi\/#\/schema\/person\/c2e72bfd2c9a2b65ae52512cfd672bea\",\"name\":\"aeser\",\"image\":{\"@type\":\"ImageObject\",\"inLanguage\":\"tr\",\"@id\":\"https:\/\/ticaret.edu.tr\/mimarlik-ve-tasarim-fakultesi\/#\/schema\/person\/image\/\",\"url\":\"http:\/\/2.gravatar.com\/avatar\/2919e491a881d961da79ab8bf14aef9d?s=96&d=mm&r=g\",\"contentUrl\":\"http:\/\/2.gravatar.com\/avatar\/2919e491a881d961da79ab8bf14aef9d?s=96&d=mm&r=g\",\"caption\":\"aeser\"},\"url\":\"http:\/\/ticaret.edu.tr\/mimarlik-ve-tasarim-fakultesi\/author\/aeser\/\"}]}<\/script>\n<!-- \/ Yoast SEO Premium plugin. -->","yoast_head_json":{"title":"PEYK'26 Pratik ve E\u011fitim Y\u00f6r\u00fcngesinde Konu\u015fmalar Mimarl\u0131k ve Tasar\u0131m Fak\u00fcltesi - Etkinlikler - Mimarl\u0131k ve Tasar\u0131m Fak\u00fcltesi","description":"\u0130stanbul Ticaret \u00dcniversitesi \u0130\u00e7 Mimarl\u0131k ve \u00c7evre Tasar\u0131m\u0131 B\u00f6l\u00fcm\u00fc taraf\u0131ndan d\u00fczenlenen PEYK\u201926 konu\u015fma program\u0131 sekt\u00f6r ve akademiyi bir araya getiriyor.","robots":{"index":"index","follow":"follow","max-snippet":"max-snippet:-1","max-image-preview":"max-image-preview:large","max-video-preview":"max-video-preview:-1"},"canonical":"https:\/\/ticaret.edu.tr\/mimarlik-ve-tasarim-fakultesi\/2026\/04\/29\/peyk26-pratik-ve-egitim-yorungesinde-konusmalar\/","og_locale":"tr_TR","og_type":"article","og_title":"PEYK'26 Pratik ve E\u011fitim Y\u00f6r\u00fcngesinde Konu\u015fmalar","og_description":"\u0130stanbul Ticaret \u00dcniversitesi \u0130\u00e7 Mimarl\u0131k ve \u00c7evre Tasar\u0131m\u0131 B\u00f6l\u00fcm\u00fc taraf\u0131ndan d\u00fczenlenen PEYK\u201926 konu\u015fma program\u0131 sekt\u00f6r ve akademiyi bir araya getiriyor.","og_url":"https:\/\/ticaret.edu.tr\/mimarlik-ve-tasarim-fakultesi\/2026\/04\/29\/peyk26-pratik-ve-egitim-yorungesinde-konusmalar\/","og_site_name":"Mimarl\u0131k ve Tasar\u0131m Fak\u00fcltesi","article_publisher":"https:\/\/www.facebook.com\/ticaretedutr","article_published_time":"2026-04-29T13:20:24+00:00","og_image":[{"width":4082,"height":4082,"url":"http:\/\/ticaret.edu.tr\/mimarlik-ve-tasarim-fakultesi\/wp-content\/uploads\/sites\/6\/2026\/04\/ETKINLIK-BANNER-KARE-1080x1080-1.png","type":"image\/png"}],"author":"aeser","twitter_card":"summary_large_image","twitter_creator":"@ticaretedutr","twitter_site":"@ticaretedutr","twitter_misc":{"Yazan:":"aeser","Tahmini okuma s\u00fcresi":"2 dakika"},"schema":{"@context":"https:\/\/schema.org","@graph":[{"@type":"WebPage","@id":"https:\/\/ticaret.edu.tr\/mimarlik-ve-tasarim-fakultesi\/2026\/04\/29\/peyk26-pratik-ve-egitim-yorungesinde-konusmalar\/","url":"https:\/\/ticaret.edu.tr\/mimarlik-ve-tasarim-fakultesi\/2026\/04\/29\/peyk26-pratik-ve-egitim-yorungesinde-konusmalar\/","name":"PEYK'26 Pratik ve E\u011fitim Y\u00f6r\u00fcngesinde Konu\u015fmalar Mimarl\u0131k ve Tasar\u0131m Fak\u00fcltesi - Etkinlikler - Mimarl\u0131k ve Tasar\u0131m Fak\u00fcltesi","isPartOf":{"@id":"https:\/\/ticaret.edu.tr\/mimarlik-ve-tasarim-fakultesi\/#website"},"datePublished":"2026-04-29T13:20:24+00:00","dateModified":"2026-04-29T13:20:24+00:00","author":{"@id":"https:\/\/ticaret.edu.tr\/mimarlik-ve-tasarim-fakultesi\/#\/schema\/person\/c2e72bfd2c9a2b65ae52512cfd672bea"},"description":"\u0130stanbul Ticaret \u00dcniversitesi \u0130\u00e7 Mimarl\u0131k ve \u00c7evre Tasar\u0131m\u0131 B\u00f6l\u00fcm\u00fc taraf\u0131ndan d\u00fczenlenen PEYK\u201926 konu\u015fma program\u0131 sekt\u00f6r ve akademiyi bir araya getiriyor.","breadcrumb":{"@id":"https:\/\/ticaret.edu.tr\/mimarlik-ve-tasarim-fakultesi\/2026\/04\/29\/peyk26-pratik-ve-egitim-yorungesinde-konusmalar\/#breadcrumb"},"inLanguage":"tr","potentialAction":[{"@type":"ReadAction","target":["https:\/\/ticaret.edu.tr\/mimarlik-ve-tasarim-fakultesi\/2026\/04\/29\/peyk26-pratik-ve-egitim-yorungesinde-konusmalar\/"]}]},{"@type":"BreadcrumbList","@id":"https:\/\/ticaret.edu.tr\/mimarlik-ve-tasarim-fakultesi\/2026\/04\/29\/peyk26-pratik-ve-egitim-yorungesinde-konusmalar\/#breadcrumb","itemListElement":[{"@type":"ListItem","position":1,"name":"Ana sayfa","item":"https:\/\/ticaret.edu.tr\/mimarlik-ve-tasarim-fakultesi\/"},{"@type":"ListItem","position":2,"name":"PEYK&#8217;26 Pratik ve E\u011fitim Y\u00f6r\u00fcngesinde Konu\u015fmalar"}]},{"@type":"WebSite","@id":"https:\/\/ticaret.edu.tr\/mimarlik-ve-tasarim-fakultesi\/#website","url":"https:\/\/ticaret.edu.tr\/mimarlik-ve-tasarim-fakultesi\/","name":"Mimarl\u0131k ve Tasar\u0131m Fak\u00fcltesi","description":"","potentialAction":[{"@type":"SearchAction","target":{"@type":"EntryPoint","urlTemplate":"https:\/\/ticaret.edu.tr\/mimarlik-ve-tasarim-fakultesi\/?s={search_term_string}"},"query-input":"required name=search_term_string"}],"inLanguage":"tr"},{"@type":"Person","@id":"https:\/\/ticaret.edu.tr\/mimarlik-ve-tasarim-fakultesi\/#\/schema\/person\/c2e72bfd2c9a2b65ae52512cfd672bea","name":"aeser","image":{"@type":"ImageObject","inLanguage":"tr","@id":"https:\/\/ticaret.edu.tr\/mimarlik-ve-tasarim-fakultesi\/#\/schema\/person\/image\/","url":"http:\/\/2.gravatar.com\/avatar\/2919e491a881d961da79ab8bf14aef9d?s=96&d=mm&r=g","contentUrl":"http:\/\/2.gravatar.com\/avatar\/2919e491a881d961da79ab8bf14aef9d?s=96&d=mm&r=g","caption":"aeser"},"url":"http:\/\/ticaret.edu.tr\/mimarlik-ve-tasarim-fakultesi\/author\/aeser\/"}]}},"lang":"tr","translations":{"tr":1187},"pll_sync_post":[],"_links":{"self":[{"href":"http:\/\/ticaret.edu.tr\/mimarlik-ve-tasarim-fakultesi\/wp-json\/wp\/v2\/posts\/1187"}],"collection":[{"href":"http:\/\/ticaret.edu.tr\/mimarlik-ve-tasarim-fakultesi\/wp-json\/wp\/v2\/posts"}],"about":[{"href":"http:\/\/ticaret.edu.tr\/mimarlik-ve-tasarim-fakultesi\/wp-json\/wp\/v2\/types\/post"}],"author":[{"embeddable":true,"href":"http:\/\/ticaret.edu.tr\/mimarlik-ve-tasarim-fakultesi\/wp-json\/wp\/v2\/users\/99"}],"replies":[{"embeddable":true,"href":"http:\/\/ticaret.edu.tr\/mimarlik-ve-tasarim-fakultesi\/wp-json\/wp\/v2\/comments?post=1187"}],"version-history":[{"count":6,"href":"http:\/\/ticaret.edu.tr\/mimarlik-ve-tasarim-fakultesi\/wp-json\/wp\/v2\/posts\/1187\/revisions"}],"predecessor-version":[{"id":1217,"href":"http:\/\/ticaret.edu.tr\/mimarlik-ve-tasarim-fakultesi\/wp-json\/wp\/v2\/posts\/1187\/revisions\/1217"}],"wp:featuredmedia":[{"embeddable":true,"href":"http:\/\/ticaret.edu.tr\/mimarlik-ve-tasarim-fakultesi\/wp-json\/wp\/v2\/media\/1212"}],"wp:attachment":[{"href":"http:\/\/ticaret.edu.tr\/mimarlik-ve-tasarim-fakultesi\/wp-json\/wp\/v2\/media?parent=1187"}],"wp:term":[{"taxonomy":"category","embeddable":true,"href":"http:\/\/ticaret.edu.tr\/mimarlik-ve-tasarim-fakultesi\/wp-json\/wp\/v2\/categories?post=1187"},{"taxonomy":"post_tag","embeddable":true,"href":"http:\/\/ticaret.edu.tr\/mimarlik-ve-tasarim-fakultesi\/wp-json\/wp\/v2\/tags?post=1187"}],"curies":[{"name":"wp","href":"https:\/\/api.w.org\/{rel}","templated":true}]}}