{"id":69,"date":"2020-04-27T09:52:20","date_gmt":"2020-04-27T06:52:20","guid":{"rendered":"http:\/\/ticaret.edu.tr\/muhendislik\/?p=69"},"modified":"2021-07-09T14:17:29","modified_gmt":"2021-07-09T11:17:29","slug":"2019-2020-akademik-yili-guz-donemi-muhendislik-fakultesi-vize-mazeret-sinavi-hakkinda-duyuru","status":"publish","type":"post","link":"http:\/\/ticaret.edu.tr\/muhendislik-fakultesi\/2020\/04\/27\/2019-2020-akademik-yili-guz-donemi-muhendislik-fakultesi-vize-mazeret-sinavi-hakkinda-duyuru\/","title":{"rendered":"2019-2020 Akademik Y\u0131l\u0131 G\u00fcz D\u00f6nemi M\u00fchendislik Fak\u00fcltesi Vize Mazeret S\u0131nav\u0131 Hakk\u0131nda Duyuru"},"content":{"rendered":"<p>M\u00fchendislik Fak\u00fcltesi B\u00f6l\u00fcmlerinde e\u011fitim g\u00f6ren \u00f6\u011frencilerimizden 2019-2020 e\u011fitim \u00f6\u011fretim y\u0131l\u0131 g\u00fcz d\u00f6nemi vize s\u0131navlar\u0131na giremedi\u011fi i\u00e7in mazeret dilek\u00e7esi veren, dilek\u00e7esi ilgili b\u00f6l\u00fcm ba\u015fkanl\u0131\u011f\u0131nca uygun g\u00f6r\u00fclen ve isimleri b\u00f6l\u00fcm panolar\u0131nda ilan edilen \u00f6\u011frencilerimiz i\u00e7in mazeret s\u0131navlar\u0131 16-20.12.2019 tarihleri aras\u0131nda yap\u0131lacakt\u0131r. S\u0131nava girecek olan \u00f6\u011frencilerimizin ilgili B\u00f6l\u00fcm Ba\u015fkanl\u0131\u011f\u0131 ile ileti\u015fime ge\u00e7mesi gerekmektedir.<\/p>\n<p>S\u0131nava girecek t\u00fcm \u00f6\u011frencilerimize ba\u015far\u0131lar dileriz.<\/p>\n","protected":false},"excerpt":{"rendered":"<p>M\u00fchendislik Fak\u00fcltesi B\u00f6l\u00fcmlerinde e\u011fitim g\u00f6ren \u00f6\u011frencilerimizden 2019-2020 e\u011fitim \u00f6\u011fretim y\u0131l\u0131 g\u00fcz d\u00f6nemi vize s\u0131navlar\u0131na giremedi\u011fi i\u00e7in mazeret dilek\u00e7esi veren, dilek\u00e7esi ilgili b\u00f6l\u00fcm ba\u015fkanl\u0131\u011f\u0131nca uygun g\u00f6r\u00fclen ve isimleri b\u00f6l\u00fcm panolar\u0131nda ilan edilen \u00f6\u011frencilerimiz i\u00e7in mazeret s\u0131navlar\u0131 16-20.12.2019 tarihleri aras\u0131nda yap\u0131lacakt\u0131r. S\u0131nava girecek olan \u00f6\u011frencilerimizin ilgili B\u00f6l\u00fcm Ba\u015fkanl\u0131\u011f\u0131 ile ileti\u015fime ge\u00e7mesi gerekmektedir. S\u0131nava girecek t\u00fcm \u00f6\u011frencilerimize ba\u015far\u0131lar [&hellip;]<\/p>\n","protected":false},"author":1,"featured_media":0,"comment_status":"closed","ping_status":"closed","sticky":false,"template":"","format":"standard","meta":{"footnotes":""},"categories":[3],"tags":[],"yoast_head":"<!-- This site is optimized with the Yoast SEO Premium plugin v22.1 (Yoast SEO v22.1) - https:\/\/yoast.com\/wordpress\/plugins\/seo\/ -->\n<title>2019-2020 Akademik Y\u0131l\u0131 G\u00fcz D\u00f6nemi M\u00fchendislik Fak\u00fcltesi Vize Mazeret S\u0131nav\u0131 Hakk\u0131nda Duyuru - M\u00fchendislik Fak\u00fcltesi<\/title>\n<meta name=\"robots\" content=\"index, follow, max-snippet:-1, max-image-preview:large, max-video-preview:-1\" \/>\n<link rel=\"canonical\" href=\"https:\/\/ticaret.edu.tr\/muhendislik-fakultesi\/2020\/04\/27\/2019-2020-akademik-yili-guz-donemi-muhendislik-fakultesi-vize-mazeret-sinavi-hakkinda-duyuru\/\" \/>\n<meta property=\"og:locale\" content=\"tr_TR\" \/>\n<meta property=\"og:type\" content=\"article\" \/>\n<meta property=\"og:title\" content=\"2019-2020 Akademik Y\u0131l\u0131 G\u00fcz D\u00f6nemi M\u00fchendislik Fak\u00fcltesi Vize Mazeret S\u0131nav\u0131 Hakk\u0131nda Duyuru\" \/>\n<meta property=\"og:description\" content=\"M\u00fchendislik Fak\u00fcltesi B\u00f6l\u00fcmlerinde e\u011fitim g\u00f6ren \u00f6\u011frencilerimizden 2019-2020 e\u011fitim \u00f6\u011fretim y\u0131l\u0131 g\u00fcz d\u00f6nemi vize s\u0131navlar\u0131na giremedi\u011fi i\u00e7in mazeret dilek\u00e7esi veren, dilek\u00e7esi ilgili b\u00f6l\u00fcm ba\u015fkanl\u0131\u011f\u0131nca uygun g\u00f6r\u00fclen ve isimleri b\u00f6l\u00fcm panolar\u0131nda ilan edilen \u00f6\u011frencilerimiz i\u00e7in mazeret s\u0131navlar\u0131 16-20.12.2019 tarihleri aras\u0131nda yap\u0131lacakt\u0131r. S\u0131nava girecek olan \u00f6\u011frencilerimizin ilgili B\u00f6l\u00fcm Ba\u015fkanl\u0131\u011f\u0131 ile ileti\u015fime ge\u00e7mesi gerekmektedir. S\u0131nava girecek t\u00fcm \u00f6\u011frencilerimize ba\u015far\u0131lar [&hellip;]\" \/>\n<meta property=\"og:url\" content=\"https:\/\/ticaret.edu.tr\/muhendislik-fakultesi\/2020\/04\/27\/2019-2020-akademik-yili-guz-donemi-muhendislik-fakultesi-vize-mazeret-sinavi-hakkinda-duyuru\/\" \/>\n<meta property=\"og:site_name\" content=\"M\u00fchendislik Fak\u00fcltesi\" \/>\n<meta property=\"article:publisher\" content=\"https:\/\/www.facebook.com\/ticaretedutr\" \/>\n<meta property=\"article:published_time\" content=\"2020-04-27T06:52:20+00:00\" \/>\n<meta property=\"article:modified_time\" content=\"2021-07-09T11:17:29+00:00\" \/>\n<meta property=\"og:image\" content=\"http:\/\/ticaret.edu.tr\/muhendislik-fakultesi\/wp-content\/uploads\/sites\/5\/2021\/11\/web_logo-01.jpg\" \/>\n\t<meta property=\"og:image:width\" content=\"1250\" \/>\n\t<meta property=\"og:image:height\" content=\"833\" \/>\n\t<meta property=\"og:image:type\" content=\"image\/jpeg\" \/>\n<meta name=\"author\" content=\"yonetici\" \/>\n<meta name=\"twitter:card\" content=\"summary_large_image\" \/>\n<meta name=\"twitter:creator\" content=\"@ticaretedutr\" \/>\n<meta name=\"twitter:site\" content=\"@ticaretedutr\" \/>\n<meta name=\"twitter:label1\" content=\"Yazan:\" \/>\n\t<meta name=\"twitter:data1\" content=\"yonetici\" \/>\n<script type=\"application\/ld+json\" class=\"yoast-schema-graph\">{\"@context\":\"https:\/\/schema.org\",\"@graph\":[{\"@type\":\"WebPage\",\"@id\":\"https:\/\/ticaret.edu.tr\/muhendislik-fakultesi\/2020\/04\/27\/2019-2020-akademik-yili-guz-donemi-muhendislik-fakultesi-vize-mazeret-sinavi-hakkinda-duyuru\/\",\"url\":\"https:\/\/ticaret.edu.tr\/muhendislik-fakultesi\/2020\/04\/27\/2019-2020-akademik-yili-guz-donemi-muhendislik-fakultesi-vize-mazeret-sinavi-hakkinda-duyuru\/\",\"name\":\"2019-2020 Akademik Y\u0131l\u0131 G\u00fcz D\u00f6nemi M\u00fchendislik Fak\u00fcltesi Vize Mazeret S\u0131nav\u0131 Hakk\u0131nda Duyuru - M\u00fchendislik Fak\u00fcltesi\",\"isPartOf\":{\"@id\":\"http:\/\/ticaret.edu.tr\/muhendislik-fakultesi\/en\/#website\"},\"datePublished\":\"2020-04-27T06:52:20+00:00\",\"dateModified\":\"2021-07-09T11:17:29+00:00\",\"author\":{\"@id\":\"http:\/\/ticaret.edu.tr\/muhendislik-fakultesi\/en\/#\/schema\/person\/d965ec5bca8ad96ab6567297c733cc78\"},\"breadcrumb\":{\"@id\":\"https:\/\/ticaret.edu.tr\/muhendislik-fakultesi\/2020\/04\/27\/2019-2020-akademik-yili-guz-donemi-muhendislik-fakultesi-vize-mazeret-sinavi-hakkinda-duyuru\/#breadcrumb\"},\"inLanguage\":\"tr\",\"potentialAction\":[{\"@type\":\"ReadAction\",\"target\":[\"https:\/\/ticaret.edu.tr\/muhendislik-fakultesi\/2020\/04\/27\/2019-2020-akademik-yili-guz-donemi-muhendislik-fakultesi-vize-mazeret-sinavi-hakkinda-duyuru\/\"]}]},{\"@type\":\"BreadcrumbList\",\"@id\":\"https:\/\/ticaret.edu.tr\/muhendislik-fakultesi\/2020\/04\/27\/2019-2020-akademik-yili-guz-donemi-muhendislik-fakultesi-vize-mazeret-sinavi-hakkinda-duyuru\/#breadcrumb\",\"itemListElement\":[{\"@type\":\"ListItem\",\"position\":1,\"name\":\"Ana sayfa\",\"item\":\"https:\/\/ticaret.edu.tr\/muhendislik-fakultesi\/\"},{\"@type\":\"ListItem\",\"position\":2,\"name\":\"2019-2020 Akademik Y\u0131l\u0131 G\u00fcz D\u00f6nemi M\u00fchendislik Fak\u00fcltesi Vize Mazeret S\u0131nav\u0131 Hakk\u0131nda Duyuru\"}]},{\"@type\":\"WebSite\",\"@id\":\"http:\/\/ticaret.edu.tr\/muhendislik-fakultesi\/en\/#website\",\"url\":\"http:\/\/ticaret.edu.tr\/muhendislik-fakultesi\/en\/\",\"name\":\"M\u00fchendislik Fak\u00fcltesi\",\"description\":\"\",\"potentialAction\":[{\"@type\":\"SearchAction\",\"target\":{\"@type\":\"EntryPoint\",\"urlTemplate\":\"http:\/\/ticaret.edu.tr\/muhendislik-fakultesi\/en\/?s={search_term_string}\"},\"query-input\":\"required name=search_term_string\"}],\"inLanguage\":\"tr\"},{\"@type\":\"Person\",\"@id\":\"http:\/\/ticaret.edu.tr\/muhendislik-fakultesi\/en\/#\/schema\/person\/d965ec5bca8ad96ab6567297c733cc78\",\"name\":\"yonetici\",\"image\":{\"@type\":\"ImageObject\",\"inLanguage\":\"tr\",\"@id\":\"http:\/\/ticaret.edu.tr\/muhendislik-fakultesi\/en\/#\/schema\/person\/image\/\",\"url\":\"http:\/\/1.gravatar.com\/avatar\/df5eae63a2ea5748689b3d3344bd7212?s=96&d=mm&r=g\",\"contentUrl\":\"http:\/\/1.gravatar.com\/avatar\/df5eae63a2ea5748689b3d3344bd7212?s=96&d=mm&r=g\",\"caption\":\"yonetici\"},\"sameAs\":[\"http:\/\/ticaret.edu.tr\"],\"url\":\"http:\/\/ticaret.edu.tr\/muhendislik-fakultesi\/author\/yonetici\/\"}]}<\/script>\n<!-- \/ Yoast SEO Premium plugin. -->","yoast_head_json":{"title":"2019-2020 Akademik Y\u0131l\u0131 G\u00fcz D\u00f6nemi M\u00fchendislik Fak\u00fcltesi Vize Mazeret S\u0131nav\u0131 Hakk\u0131nda Duyuru - M\u00fchendislik Fak\u00fcltesi","robots":{"index":"index","follow":"follow","max-snippet":"max-snippet:-1","max-image-preview":"max-image-preview:large","max-video-preview":"max-video-preview:-1"},"canonical":"https:\/\/ticaret.edu.tr\/muhendislik-fakultesi\/2020\/04\/27\/2019-2020-akademik-yili-guz-donemi-muhendislik-fakultesi-vize-mazeret-sinavi-hakkinda-duyuru\/","og_locale":"tr_TR","og_type":"article","og_title":"2019-2020 Akademik Y\u0131l\u0131 G\u00fcz D\u00f6nemi M\u00fchendislik Fak\u00fcltesi Vize Mazeret S\u0131nav\u0131 Hakk\u0131nda Duyuru","og_description":"M\u00fchendislik Fak\u00fcltesi B\u00f6l\u00fcmlerinde e\u011fitim g\u00f6ren \u00f6\u011frencilerimizden 2019-2020 e\u011fitim \u00f6\u011fretim y\u0131l\u0131 g\u00fcz d\u00f6nemi vize s\u0131navlar\u0131na giremedi\u011fi i\u00e7in mazeret dilek\u00e7esi veren, dilek\u00e7esi ilgili b\u00f6l\u00fcm ba\u015fkanl\u0131\u011f\u0131nca uygun g\u00f6r\u00fclen ve isimleri b\u00f6l\u00fcm panolar\u0131nda ilan edilen \u00f6\u011frencilerimiz i\u00e7in mazeret s\u0131navlar\u0131 16-20.12.2019 tarihleri aras\u0131nda yap\u0131lacakt\u0131r. S\u0131nava girecek olan \u00f6\u011frencilerimizin ilgili B\u00f6l\u00fcm Ba\u015fkanl\u0131\u011f\u0131 ile ileti\u015fime ge\u00e7mesi gerekmektedir. S\u0131nava girecek t\u00fcm \u00f6\u011frencilerimize ba\u015far\u0131lar [&hellip;]","og_url":"https:\/\/ticaret.edu.tr\/muhendislik-fakultesi\/2020\/04\/27\/2019-2020-akademik-yili-guz-donemi-muhendislik-fakultesi-vize-mazeret-sinavi-hakkinda-duyuru\/","og_site_name":"M\u00fchendislik Fak\u00fcltesi","article_publisher":"https:\/\/www.facebook.com\/ticaretedutr","article_published_time":"2020-04-27T06:52:20+00:00","article_modified_time":"2021-07-09T11:17:29+00:00","og_image":[{"width":1250,"height":833,"url":"http:\/\/ticaret.edu.tr\/muhendislik-fakultesi\/wp-content\/uploads\/sites\/5\/2021\/11\/web_logo-01.jpg","type":"image\/jpeg"}],"author":"yonetici","twitter_card":"summary_large_image","twitter_creator":"@ticaretedutr","twitter_site":"@ticaretedutr","twitter_misc":{"Yazan:":"yonetici"},"schema":{"@context":"https:\/\/schema.org","@graph":[{"@type":"WebPage","@id":"https:\/\/ticaret.edu.tr\/muhendislik-fakultesi\/2020\/04\/27\/2019-2020-akademik-yili-guz-donemi-muhendislik-fakultesi-vize-mazeret-sinavi-hakkinda-duyuru\/","url":"https:\/\/ticaret.edu.tr\/muhendislik-fakultesi\/2020\/04\/27\/2019-2020-akademik-yili-guz-donemi-muhendislik-fakultesi-vize-mazeret-sinavi-hakkinda-duyuru\/","name":"2019-2020 Akademik Y\u0131l\u0131 G\u00fcz D\u00f6nemi M\u00fchendislik Fak\u00fcltesi Vize Mazeret S\u0131nav\u0131 Hakk\u0131nda Duyuru - M\u00fchendislik Fak\u00fcltesi","isPartOf":{"@id":"http:\/\/ticaret.edu.tr\/muhendislik-fakultesi\/en\/#website"},"datePublished":"2020-04-27T06:52:20+00:00","dateModified":"2021-07-09T11:17:29+00:00","author":{"@id":"http:\/\/ticaret.edu.tr\/muhendislik-fakultesi\/en\/#\/schema\/person\/d965ec5bca8ad96ab6567297c733cc78"},"breadcrumb":{"@id":"https:\/\/ticaret.edu.tr\/muhendislik-fakultesi\/2020\/04\/27\/2019-2020-akademik-yili-guz-donemi-muhendislik-fakultesi-vize-mazeret-sinavi-hakkinda-duyuru\/#breadcrumb"},"inLanguage":"tr","potentialAction":[{"@type":"ReadAction","target":["https:\/\/ticaret.edu.tr\/muhendislik-fakultesi\/2020\/04\/27\/2019-2020-akademik-yili-guz-donemi-muhendislik-fakultesi-vize-mazeret-sinavi-hakkinda-duyuru\/"]}]},{"@type":"BreadcrumbList","@id":"https:\/\/ticaret.edu.tr\/muhendislik-fakultesi\/2020\/04\/27\/2019-2020-akademik-yili-guz-donemi-muhendislik-fakultesi-vize-mazeret-sinavi-hakkinda-duyuru\/#breadcrumb","itemListElement":[{"@type":"ListItem","position":1,"name":"Ana sayfa","item":"https:\/\/ticaret.edu.tr\/muhendislik-fakultesi\/"},{"@type":"ListItem","position":2,"name":"2019-2020 Akademik Y\u0131l\u0131 G\u00fcz D\u00f6nemi M\u00fchendislik Fak\u00fcltesi Vize Mazeret S\u0131nav\u0131 Hakk\u0131nda Duyuru"}]},{"@type":"WebSite","@id":"http:\/\/ticaret.edu.tr\/muhendislik-fakultesi\/en\/#website","url":"http:\/\/ticaret.edu.tr\/muhendislik-fakultesi\/en\/","name":"M\u00fchendislik Fak\u00fcltesi","description":"","potentialAction":[{"@type":"SearchAction","target":{"@type":"EntryPoint","urlTemplate":"http:\/\/ticaret.edu.tr\/muhendislik-fakultesi\/en\/?s={search_term_string}"},"query-input":"required name=search_term_string"}],"inLanguage":"tr"},{"@type":"Person","@id":"http:\/\/ticaret.edu.tr\/muhendislik-fakultesi\/en\/#\/schema\/person\/d965ec5bca8ad96ab6567297c733cc78","name":"yonetici","image":{"@type":"ImageObject","inLanguage":"tr","@id":"http:\/\/ticaret.edu.tr\/muhendislik-fakultesi\/en\/#\/schema\/person\/image\/","url":"http:\/\/1.gravatar.com\/avatar\/df5eae63a2ea5748689b3d3344bd7212?s=96&d=mm&r=g","contentUrl":"http:\/\/1.gravatar.com\/avatar\/df5eae63a2ea5748689b3d3344bd7212?s=96&d=mm&r=g","caption":"yonetici"},"sameAs":["http:\/\/ticaret.edu.tr"],"url":"http:\/\/ticaret.edu.tr\/muhendislik-fakultesi\/author\/yonetici\/"}]}},"lang":"tr","translations":{"tr":69},"pll_sync_post":[],"_links":{"self":[{"href":"http:\/\/ticaret.edu.tr\/muhendislik-fakultesi\/wp-json\/wp\/v2\/posts\/69"}],"collection":[{"href":"http:\/\/ticaret.edu.tr\/muhendislik-fakultesi\/wp-json\/wp\/v2\/posts"}],"about":[{"href":"http:\/\/ticaret.edu.tr\/muhendislik-fakultesi\/wp-json\/wp\/v2\/types\/post"}],"author":[{"embeddable":true,"href":"http:\/\/ticaret.edu.tr\/muhendislik-fakultesi\/wp-json\/wp\/v2\/users\/1"}],"replies":[{"embeddable":true,"href":"http:\/\/ticaret.edu.tr\/muhendislik-fakultesi\/wp-json\/wp\/v2\/comments?post=69"}],"version-history":[{"count":1,"href":"http:\/\/ticaret.edu.tr\/muhendislik-fakultesi\/wp-json\/wp\/v2\/posts\/69\/revisions"}],"predecessor-version":[{"id":164,"href":"http:\/\/ticaret.edu.tr\/muhendislik-fakultesi\/wp-json\/wp\/v2\/posts\/69\/revisions\/164"}],"wp:attachment":[{"href":"http:\/\/ticaret.edu.tr\/muhendislik-fakultesi\/wp-json\/wp\/v2\/media?parent=69"}],"wp:term":[{"taxonomy":"category","embeddable":true,"href":"http:\/\/ticaret.edu.tr\/muhendislik-fakultesi\/wp-json\/wp\/v2\/categories?post=69"},{"taxonomy":"post_tag","embeddable":true,"href":"http:\/\/ticaret.edu.tr\/muhendislik-fakultesi\/wp-json\/wp\/v2\/tags?post=69"}],"curies":[{"name":"wp","href":"https:\/\/api.w.org\/{rel}","templated":true}]}}