{"id":1219,"date":"2023-12-19T10:49:28","date_gmt":"2023-12-19T07:49:28","guid":{"rendered":"https:\/\/ticaret.edu.tr\/saglik-kultur-ve-spor-daire-baskanligi\/?p=1219"},"modified":"2026-01-30T10:59:10","modified_gmt":"2026-01-30T07:59:10","slug":"100-yil-spor-turnuvalari-odul-toreniyle-sona-erdi","status":"publish","type":"post","link":"http:\/\/ticaret.edu.tr\/saglik-kultur-ve-spor-daire-baskanligi\/2023\/12\/19\/100-yil-spor-turnuvalari-odul-toreniyle-sona-erdi\/","title":{"rendered":"100. Y\u0131l Spor Turnuvalar\u0131 \u00d6d\u00fcl T\u00f6reniyle Sona Erdi"},"content":{"rendered":"<p>\u0130stanbul Ticaret \u00dcniversitesi Spor K\u00fclt\u00fcr ve Sa\u011fl\u0131k (SKS) Daire Ba\u015fkanl\u0131\u011f\u0131 taraf\u0131ndan Cumhuriyet\u2019in 100\u2019\u00fcnc\u00fc y\u0131l\u0131 kutlamalar\u0131 \u00e7er\u00e7evesinde d\u00fczenlenen masa tenisi, satran\u00e7, basketbol ve futbol turnuvalar\u0131nda dereceye girenlere \u00f6d\u00fclleri d\u00fczenlenen t\u00f6renle verildi. T\u00f6rene Rekt\u00f6r Prof. Dr. Abdulhamit Av\u015far, Genel Sekreter Dr. O\u011fuz \u00d6zcan, akademik ve idari personel ile \u00f6\u011frenciler kat\u0131ld\u0131.<\/p>\n<p>T\u00f6rende k\u0131sa bir a\u00e7\u0131\u015f konu\u015fmas\u0131 yapan Rekt\u00f6r Prof. Dr. Av\u015far, sporun sadece fiziksel sa\u011fl\u0131\u011f\u0131 desteklemenin \u00f6tesinde, ayn\u0131 zamanda zihinsel ve duygusal sa\u011fl\u0131\u011f\u0131 da g\u00fc\u00e7lendiren bir ara\u00e7 oldu\u011funu belirterek \u00f6\u011frencilere spora devam etmelerini tavsiye etti.<\/p>\n<p>Prof. Dr. Av\u015far, yeni d\u00f6nemde spora daha \u00e7ok \u00f6nem vereceklerinin alt\u0131n\u0131 \u00e7izerek s\u00f6zlerini \u015f\u00f6yle s\u00fcrd\u00fcrd\u00fc:<\/p>\n<p>\u201c\u00dcniversiteler, \u00f6\u011frencilerin sadece ders \u00e7al\u0131\u015fmakla de\u011fil, ayn\u0131 zamanda bedensel aktivitelerle de me\u015fgul olmalar\u0131n\u0131 te\u015fvik etmeli ve desteklemelidir. Buradan hareketle bizler de \u0130stanbul Ticaret \u00dcniversitesi olarak kendimize \u00f6dev \u00e7\u0131kar\u0131yor ve \u00f6\u011frencilerimiz aras\u0131nda sportif faaliyetleri te\u015fvik ediyoruz. Biliyoruz ki spor, \u00f6\u011frenciler aras\u0131nda s\u0131k\u0131 ba\u011flar olu\u015fturur, arkada\u015fl\u0131k ve dayan\u0131\u015fmay\u0131 g\u00fc\u00e7lendirir, bu da \u00f6\u011frencilerin sosyal becerilerini geli\u015ftirmelerine yard\u0131mc\u0131 olur.\u201d<\/p>\n<p class=\"x_elementToProof\">Rekt\u00f6r Prof. Dr. Av\u015far daha sonra masa tenisi, satran\u00e7, basketbol ve futbol turnuvalar\u0131nda dereceye girenlere \u00f6d\u00fcllerini takdim etti. Turnuvalar kadar co\u015fkulu ge\u00e7en \u00f6d\u00fcl t\u00f6reni toplu foto\u011fraf \u00e7ekimiyle sona erdi.<\/p>\n<p><img loading=\"lazy\" decoding=\"async\" class=\"alignnone size-full wp-image-38042\" src=\"https:\/\/ticaret.edu.tr\/wp-content\/uploads\/2023\/12\/spor-odulleri-9-1.jpg\" alt=\"\" width=\"2441\" height=\"1629\" \/> <img loading=\"lazy\" decoding=\"async\" class=\"alignnone size-full wp-image-38041\" src=\"https:\/\/ticaret.edu.tr\/wp-content\/uploads\/2023\/12\/spor-odulleri-8-1-scaled.jpg\" alt=\"\" width=\"2560\" height=\"1709\" \/> <img loading=\"lazy\" decoding=\"async\" class=\"alignnone size-full wp-image-38040\" src=\"https:\/\/ticaret.edu.tr\/wp-content\/uploads\/2023\/12\/spor-odulleri-7-1-scaled.jpg\" alt=\"\" width=\"2560\" height=\"1709\" \/> <img loading=\"lazy\" decoding=\"async\" class=\"alignnone size-full wp-image-38039\" src=\"https:\/\/ticaret.edu.tr\/wp-content\/uploads\/2023\/12\/spor-odulleri-4-1-scaled.jpg\" alt=\"\" width=\"2560\" height=\"1709\" \/> <img loading=\"lazy\" decoding=\"async\" class=\"alignnone size-full wp-image-38038\" src=\"https:\/\/ticaret.edu.tr\/wp-content\/uploads\/2023\/12\/spor-odulleri-3-1-scaled.jpg\" alt=\"\" width=\"2560\" height=\"1709\" \/> <img loading=\"lazy\" decoding=\"async\" class=\"alignnone size-full wp-image-38037\" src=\"https:\/\/ticaret.edu.tr\/wp-content\/uploads\/2023\/12\/spor-odulleri-2-1-scaled.jpg\" alt=\"\" width=\"2560\" height=\"1709\" \/> <img decoding=\"async\" class=\"alignnone size-full wp-image-38036\" src=\"https:\/\/ticaret.edu.tr\/wp-content\/uploads\/2023\/12\/spor-odulleri-2.jpg\" alt=\"\" \/> <img loading=\"lazy\" decoding=\"async\" class=\"alignnone size-full wp-image-38035\" src=\"https:\/\/ticaret.edu.tr\/wp-content\/uploads\/2023\/12\/spor-odulleri-1.jpg\" alt=\"\" width=\"2404\" height=\"1605\" \/> <img loading=\"lazy\" decoding=\"async\" class=\"alignnone size-full wp-image-38033\" src=\"https:\/\/ticaret.edu.tr\/wp-content\/uploads\/2023\/12\/spor-odulleri-6-scaled.jpg\" alt=\"\" width=\"2560\" height=\"1708\" \/> <img loading=\"lazy\" decoding=\"async\" class=\"alignnone size-full wp-image-38032\" src=\"https:\/\/ticaret.edu.tr\/wp-content\/uploads\/2023\/12\/spor-odulleri-5-scaled.jpg\" alt=\"\" width=\"2560\" height=\"1709\" \/><\/p>\n","protected":false},"excerpt":{"rendered":"<p>\u0130stanbul Ticaret \u00dcniversitesi Spor K\u00fclt\u00fcr ve Sa\u011fl\u0131k (SKS) Daire Ba\u015fkanl\u0131\u011f\u0131 taraf\u0131ndan Cumhuriyet\u2019in 100\u2019\u00fcnc\u00fc y\u0131l\u0131 kutlamalar\u0131 \u00e7er\u00e7evesinde d\u00fczenlenen masa tenisi, satran\u00e7, basketbol ve futbol turnuvalar\u0131nda dereceye girenlere \u00f6d\u00fclleri d\u00fczenlenen t\u00f6renle verildi. T\u00f6rene Rekt\u00f6r Prof. Dr. Abdulhamit Av\u015far, Genel Sekreter Dr. O\u011fuz \u00d6zcan, akademik ve idari personel ile \u00f6\u011frenciler kat\u0131ld\u0131. T\u00f6rende k\u0131sa bir a\u00e7\u0131\u015f konu\u015fmas\u0131 yapan Rekt\u00f6r [&hellip;]<\/p>\n","protected":false},"author":242,"featured_media":1220,"comment_status":"closed","ping_status":"closed","sticky":false,"template":"","format":"standard","meta":{"footnotes":""},"categories":[30],"tags":[],"yoast_head":"<!-- This site is optimized with the Yoast SEO Premium plugin v22.1 (Yoast SEO v22.1) - https:\/\/yoast.com\/wordpress\/plugins\/seo\/ -->\n<title>100. Y\u0131l Spor Turnuvalar\u0131 \u00d6d\u00fcl T\u00f6reniyle Sona Erdi - Haberler - Sa\u011fl\u0131k K\u00fclt\u00fcr ve Spor Daire Ba\u015fkanl\u0131\u011f\u0131<\/title>\n<meta name=\"robots\" content=\"index, follow, max-snippet:-1, max-image-preview:large, max-video-preview:-1\" \/>\n<link rel=\"canonical\" href=\"https:\/\/ticaret.edu.tr\/saglik-kultur-ve-spor-daire-baskanligi\/2023\/12\/19\/100-yil-spor-turnuvalari-odul-toreniyle-sona-erdi\/\" \/>\n<meta property=\"og:locale\" content=\"tr_TR\" \/>\n<meta property=\"og:type\" content=\"article\" \/>\n<meta property=\"og:title\" content=\"100. Y\u0131l Spor Turnuvalar\u0131 \u00d6d\u00fcl T\u00f6reniyle Sona Erdi\" \/>\n<meta property=\"og:description\" content=\"\u0130stanbul Ticaret \u00dcniversitesi Spor K\u00fclt\u00fcr ve Sa\u011fl\u0131k (SKS) Daire Ba\u015fkanl\u0131\u011f\u0131 taraf\u0131ndan Cumhuriyet\u2019in 100\u2019\u00fcnc\u00fc y\u0131l\u0131 kutlamalar\u0131 \u00e7er\u00e7evesinde d\u00fczenlenen masa tenisi, satran\u00e7, basketbol ve futbol turnuvalar\u0131nda dereceye girenlere \u00f6d\u00fclleri d\u00fczenlenen t\u00f6renle verildi. T\u00f6rene Rekt\u00f6r Prof. Dr. Abdulhamit Av\u015far, Genel Sekreter Dr. O\u011fuz \u00d6zcan, akademik ve idari personel ile \u00f6\u011frenciler kat\u0131ld\u0131. T\u00f6rende k\u0131sa bir a\u00e7\u0131\u015f konu\u015fmas\u0131 yapan Rekt\u00f6r [&hellip;]\" \/>\n<meta property=\"og:url\" content=\"https:\/\/ticaret.edu.tr\/saglik-kultur-ve-spor-daire-baskanligi\/2023\/12\/19\/100-yil-spor-turnuvalari-odul-toreniyle-sona-erdi\/\" \/>\n<meta property=\"og:site_name\" content=\"Sa\u011fl\u0131k K\u00fclt\u00fcr ve Spor Daire Ba\u015fkanl\u0131\u011f\u0131\" \/>\n<meta property=\"article:publisher\" content=\"https:\/\/www.facebook.com\/ticaretedutr\" \/>\n<meta property=\"article:published_time\" content=\"2023-12-19T07:49:28+00:00\" \/>\n<meta property=\"article:modified_time\" content=\"2026-01-30T07:59:10+00:00\" \/>\n<meta property=\"og:image\" content=\"https:\/\/ticaret.edu.tr\/saglik-kultur-ve-spor-daire-baskanligi\/wp-content\/uploads\/sites\/32\/2026\/01\/spor-odulleri-8-1-scaled-donusturuldugu-kaynak-webp.jpeg\" \/>\n\t<meta property=\"og:image:width\" content=\"2560\" \/>\n\t<meta property=\"og:image:height\" content=\"1709\" \/>\n\t<meta property=\"og:image:type\" content=\"image\/jpeg\" \/>\n<meta name=\"author\" content=\"hnozdemir\" \/>\n<meta name=\"twitter:card\" content=\"summary_large_image\" \/>\n<meta name=\"twitter:creator\" content=\"@ticaretedutr\" \/>\n<meta name=\"twitter:site\" content=\"@ticaretedutr\" \/>\n<meta name=\"twitter:label1\" content=\"Yazan:\" \/>\n\t<meta name=\"twitter:data1\" content=\"hnozdemir\" \/>\n\t<meta name=\"twitter:label2\" content=\"Tahmini okuma s\u00fcresi\" \/>\n\t<meta name=\"twitter:data2\" content=\"4 dakika\" \/>\n<script type=\"application\/ld+json\" class=\"yoast-schema-graph\">{\"@context\":\"https:\/\/schema.org\",\"@graph\":[{\"@type\":\"WebPage\",\"@id\":\"https:\/\/ticaret.edu.tr\/saglik-kultur-ve-spor-daire-baskanligi\/2023\/12\/19\/100-yil-spor-turnuvalari-odul-toreniyle-sona-erdi\/\",\"url\":\"https:\/\/ticaret.edu.tr\/saglik-kultur-ve-spor-daire-baskanligi\/2023\/12\/19\/100-yil-spor-turnuvalari-odul-toreniyle-sona-erdi\/\",\"name\":\"100. Y\u0131l Spor Turnuvalar\u0131 \u00d6d\u00fcl T\u00f6reniyle Sona Erdi - Haberler - Sa\u011fl\u0131k K\u00fclt\u00fcr ve Spor Daire Ba\u015fkanl\u0131\u011f\u0131\",\"isPartOf\":{\"@id\":\"https:\/\/ticaret.edu.tr\/saglik-kultur-ve-spor-daire-baskanligi\/#website\"},\"datePublished\":\"2023-12-19T07:49:28+00:00\",\"dateModified\":\"2026-01-30T07:59:10+00:00\",\"author\":{\"@id\":\"https:\/\/ticaret.edu.tr\/saglik-kultur-ve-spor-daire-baskanligi\/#\/schema\/person\/be8b7c5b8bca80d4fb445a136c0ad648\"},\"breadcrumb\":{\"@id\":\"https:\/\/ticaret.edu.tr\/saglik-kultur-ve-spor-daire-baskanligi\/2023\/12\/19\/100-yil-spor-turnuvalari-odul-toreniyle-sona-erdi\/#breadcrumb\"},\"inLanguage\":\"tr\",\"potentialAction\":[{\"@type\":\"ReadAction\",\"target\":[\"https:\/\/ticaret.edu.tr\/saglik-kultur-ve-spor-daire-baskanligi\/2023\/12\/19\/100-yil-spor-turnuvalari-odul-toreniyle-sona-erdi\/\"]}]},{\"@type\":\"BreadcrumbList\",\"@id\":\"https:\/\/ticaret.edu.tr\/saglik-kultur-ve-spor-daire-baskanligi\/2023\/12\/19\/100-yil-spor-turnuvalari-odul-toreniyle-sona-erdi\/#breadcrumb\",\"itemListElement\":[{\"@type\":\"ListItem\",\"position\":1,\"name\":\"Ana sayfa\",\"item\":\"https:\/\/ticaret.edu.tr\/saglik-kultur-ve-spor-daire-baskanligi\/\"},{\"@type\":\"ListItem\",\"position\":2,\"name\":\"100. Y\u0131l Spor Turnuvalar\u0131 \u00d6d\u00fcl T\u00f6reniyle Sona Erdi\"}]},{\"@type\":\"WebSite\",\"@id\":\"https:\/\/ticaret.edu.tr\/saglik-kultur-ve-spor-daire-baskanligi\/#website\",\"url\":\"https:\/\/ticaret.edu.tr\/saglik-kultur-ve-spor-daire-baskanligi\/\",\"name\":\"Sa\u011fl\u0131k K\u00fclt\u00fcr ve Spor Daire Ba\u015fkanl\u0131\u011f\u0131\",\"description\":\"\",\"potentialAction\":[{\"@type\":\"SearchAction\",\"target\":{\"@type\":\"EntryPoint\",\"urlTemplate\":\"https:\/\/ticaret.edu.tr\/saglik-kultur-ve-spor-daire-baskanligi\/?s={search_term_string}\"},\"query-input\":\"required name=search_term_string\"}],\"inLanguage\":\"tr\"},{\"@type\":\"Person\",\"@id\":\"https:\/\/ticaret.edu.tr\/saglik-kultur-ve-spor-daire-baskanligi\/#\/schema\/person\/be8b7c5b8bca80d4fb445a136c0ad648\",\"name\":\"hnozdemir\",\"image\":{\"@type\":\"ImageObject\",\"inLanguage\":\"tr\",\"@id\":\"https:\/\/ticaret.edu.tr\/saglik-kultur-ve-spor-daire-baskanligi\/#\/schema\/person\/image\/\",\"url\":\"http:\/\/1.gravatar.com\/avatar\/48202b8a113265f56942c5e7b6255fe0?s=96&d=mm&r=g\",\"contentUrl\":\"http:\/\/1.gravatar.com\/avatar\/48202b8a113265f56942c5e7b6255fe0?s=96&d=mm&r=g\",\"caption\":\"hnozdemir\"},\"url\":\"http:\/\/ticaret.edu.tr\/saglik-kultur-ve-spor-daire-baskanligi\/author\/hnozdemir\/\"}]}<\/script>\n<!-- \/ Yoast SEO Premium plugin. -->","yoast_head_json":{"title":"100. Y\u0131l Spor Turnuvalar\u0131 \u00d6d\u00fcl T\u00f6reniyle Sona Erdi - Haberler - Sa\u011fl\u0131k K\u00fclt\u00fcr ve Spor Daire Ba\u015fkanl\u0131\u011f\u0131","robots":{"index":"index","follow":"follow","max-snippet":"max-snippet:-1","max-image-preview":"max-image-preview:large","max-video-preview":"max-video-preview:-1"},"canonical":"https:\/\/ticaret.edu.tr\/saglik-kultur-ve-spor-daire-baskanligi\/2023\/12\/19\/100-yil-spor-turnuvalari-odul-toreniyle-sona-erdi\/","og_locale":"tr_TR","og_type":"article","og_title":"100. Y\u0131l Spor Turnuvalar\u0131 \u00d6d\u00fcl T\u00f6reniyle Sona Erdi","og_description":"\u0130stanbul Ticaret \u00dcniversitesi Spor K\u00fclt\u00fcr ve Sa\u011fl\u0131k (SKS) Daire Ba\u015fkanl\u0131\u011f\u0131 taraf\u0131ndan Cumhuriyet\u2019in 100\u2019\u00fcnc\u00fc y\u0131l\u0131 kutlamalar\u0131 \u00e7er\u00e7evesinde d\u00fczenlenen masa tenisi, satran\u00e7, basketbol ve futbol turnuvalar\u0131nda dereceye girenlere \u00f6d\u00fclleri d\u00fczenlenen t\u00f6renle verildi. T\u00f6rene Rekt\u00f6r Prof. Dr. Abdulhamit Av\u015far, Genel Sekreter Dr. O\u011fuz \u00d6zcan, akademik ve idari personel ile \u00f6\u011frenciler kat\u0131ld\u0131. T\u00f6rende k\u0131sa bir a\u00e7\u0131\u015f konu\u015fmas\u0131 yapan Rekt\u00f6r [&hellip;]","og_url":"https:\/\/ticaret.edu.tr\/saglik-kultur-ve-spor-daire-baskanligi\/2023\/12\/19\/100-yil-spor-turnuvalari-odul-toreniyle-sona-erdi\/","og_site_name":"Sa\u011fl\u0131k K\u00fclt\u00fcr ve Spor Daire Ba\u015fkanl\u0131\u011f\u0131","article_publisher":"https:\/\/www.facebook.com\/ticaretedutr","article_published_time":"2023-12-19T07:49:28+00:00","article_modified_time":"2026-01-30T07:59:10+00:00","og_image":[{"width":2560,"height":1709,"url":"https:\/\/ticaret.edu.tr\/saglik-kultur-ve-spor-daire-baskanligi\/wp-content\/uploads\/sites\/32\/2026\/01\/spor-odulleri-8-1-scaled-donusturuldugu-kaynak-webp.jpeg","type":"image\/jpeg"}],"author":"hnozdemir","twitter_card":"summary_large_image","twitter_creator":"@ticaretedutr","twitter_site":"@ticaretedutr","twitter_misc":{"Yazan:":"hnozdemir","Tahmini okuma s\u00fcresi":"4 dakika"},"schema":{"@context":"https:\/\/schema.org","@graph":[{"@type":"WebPage","@id":"https:\/\/ticaret.edu.tr\/saglik-kultur-ve-spor-daire-baskanligi\/2023\/12\/19\/100-yil-spor-turnuvalari-odul-toreniyle-sona-erdi\/","url":"https:\/\/ticaret.edu.tr\/saglik-kultur-ve-spor-daire-baskanligi\/2023\/12\/19\/100-yil-spor-turnuvalari-odul-toreniyle-sona-erdi\/","name":"100. Y\u0131l Spor Turnuvalar\u0131 \u00d6d\u00fcl T\u00f6reniyle Sona Erdi - Haberler - Sa\u011fl\u0131k K\u00fclt\u00fcr ve Spor Daire Ba\u015fkanl\u0131\u011f\u0131","isPartOf":{"@id":"https:\/\/ticaret.edu.tr\/saglik-kultur-ve-spor-daire-baskanligi\/#website"},"datePublished":"2023-12-19T07:49:28+00:00","dateModified":"2026-01-30T07:59:10+00:00","author":{"@id":"https:\/\/ticaret.edu.tr\/saglik-kultur-ve-spor-daire-baskanligi\/#\/schema\/person\/be8b7c5b8bca80d4fb445a136c0ad648"},"breadcrumb":{"@id":"https:\/\/ticaret.edu.tr\/saglik-kultur-ve-spor-daire-baskanligi\/2023\/12\/19\/100-yil-spor-turnuvalari-odul-toreniyle-sona-erdi\/#breadcrumb"},"inLanguage":"tr","potentialAction":[{"@type":"ReadAction","target":["https:\/\/ticaret.edu.tr\/saglik-kultur-ve-spor-daire-baskanligi\/2023\/12\/19\/100-yil-spor-turnuvalari-odul-toreniyle-sona-erdi\/"]}]},{"@type":"BreadcrumbList","@id":"https:\/\/ticaret.edu.tr\/saglik-kultur-ve-spor-daire-baskanligi\/2023\/12\/19\/100-yil-spor-turnuvalari-odul-toreniyle-sona-erdi\/#breadcrumb","itemListElement":[{"@type":"ListItem","position":1,"name":"Ana sayfa","item":"https:\/\/ticaret.edu.tr\/saglik-kultur-ve-spor-daire-baskanligi\/"},{"@type":"ListItem","position":2,"name":"100. Y\u0131l Spor Turnuvalar\u0131 \u00d6d\u00fcl T\u00f6reniyle Sona Erdi"}]},{"@type":"WebSite","@id":"https:\/\/ticaret.edu.tr\/saglik-kultur-ve-spor-daire-baskanligi\/#website","url":"https:\/\/ticaret.edu.tr\/saglik-kultur-ve-spor-daire-baskanligi\/","name":"Sa\u011fl\u0131k K\u00fclt\u00fcr ve Spor Daire Ba\u015fkanl\u0131\u011f\u0131","description":"","potentialAction":[{"@type":"SearchAction","target":{"@type":"EntryPoint","urlTemplate":"https:\/\/ticaret.edu.tr\/saglik-kultur-ve-spor-daire-baskanligi\/?s={search_term_string}"},"query-input":"required name=search_term_string"}],"inLanguage":"tr"},{"@type":"Person","@id":"https:\/\/ticaret.edu.tr\/saglik-kultur-ve-spor-daire-baskanligi\/#\/schema\/person\/be8b7c5b8bca80d4fb445a136c0ad648","name":"hnozdemir","image":{"@type":"ImageObject","inLanguage":"tr","@id":"https:\/\/ticaret.edu.tr\/saglik-kultur-ve-spor-daire-baskanligi\/#\/schema\/person\/image\/","url":"http:\/\/1.gravatar.com\/avatar\/48202b8a113265f56942c5e7b6255fe0?s=96&d=mm&r=g","contentUrl":"http:\/\/1.gravatar.com\/avatar\/48202b8a113265f56942c5e7b6255fe0?s=96&d=mm&r=g","caption":"hnozdemir"},"url":"http:\/\/ticaret.edu.tr\/saglik-kultur-ve-spor-daire-baskanligi\/author\/hnozdemir\/"}]}},"lang":"tr","translations":{"tr":1219},"pll_sync_post":[],"_links":{"self":[{"href":"http:\/\/ticaret.edu.tr\/saglik-kultur-ve-spor-daire-baskanligi\/wp-json\/wp\/v2\/posts\/1219"}],"collection":[{"href":"http:\/\/ticaret.edu.tr\/saglik-kultur-ve-spor-daire-baskanligi\/wp-json\/wp\/v2\/posts"}],"about":[{"href":"http:\/\/ticaret.edu.tr\/saglik-kultur-ve-spor-daire-baskanligi\/wp-json\/wp\/v2\/types\/post"}],"author":[{"embeddable":true,"href":"http:\/\/ticaret.edu.tr\/saglik-kultur-ve-spor-daire-baskanligi\/wp-json\/wp\/v2\/users\/242"}],"replies":[{"embeddable":true,"href":"http:\/\/ticaret.edu.tr\/saglik-kultur-ve-spor-daire-baskanligi\/wp-json\/wp\/v2\/comments?post=1219"}],"version-history":[{"count":1,"href":"http:\/\/ticaret.edu.tr\/saglik-kultur-ve-spor-daire-baskanligi\/wp-json\/wp\/v2\/posts\/1219\/revisions"}],"predecessor-version":[{"id":1221,"href":"http:\/\/ticaret.edu.tr\/saglik-kultur-ve-spor-daire-baskanligi\/wp-json\/wp\/v2\/posts\/1219\/revisions\/1221"}],"wp:featuredmedia":[{"embeddable":true,"href":"http:\/\/ticaret.edu.tr\/saglik-kultur-ve-spor-daire-baskanligi\/wp-json\/wp\/v2\/media\/1220"}],"wp:attachment":[{"href":"http:\/\/ticaret.edu.tr\/saglik-kultur-ve-spor-daire-baskanligi\/wp-json\/wp\/v2\/media?parent=1219"}],"wp:term":[{"taxonomy":"category","embeddable":true,"href":"http:\/\/ticaret.edu.tr\/saglik-kultur-ve-spor-daire-baskanligi\/wp-json\/wp\/v2\/categories?post=1219"},{"taxonomy":"post_tag","embeddable":true,"href":"http:\/\/ticaret.edu.tr\/saglik-kultur-ve-spor-daire-baskanligi\/wp-json\/wp\/v2\/tags?post=1219"}],"curies":[{"name":"wp","href":"https:\/\/api.w.org\/{rel}","templated":true}]}}