{"id":1222,"date":"2025-05-30T10:54:08","date_gmt":"2025-05-30T07:54:08","guid":{"rendered":"https:\/\/ticaret.edu.tr\/saglik-kultur-ve-spor-daire-baskanligi\/?p=1222"},"modified":"2026-01-30T10:59:55","modified_gmt":"2026-01-30T07:59:55","slug":"bahar-turnuvasinin-odulleri-sahiplerini-buldu","status":"publish","type":"post","link":"http:\/\/ticaret.edu.tr\/saglik-kultur-ve-spor-daire-baskanligi\/2025\/05\/30\/bahar-turnuvasinin-odulleri-sahiplerini-buldu\/","title":{"rendered":"Bahar turnuvas\u0131n\u0131n \u00f6d\u00fclleri sahiplerini buldu"},"content":{"rendered":"<p><strong>\u0130stanbul Ticaret \u00dcniversitesi\u2019nde bu y\u0131l 603 sporcunun ter d\u00f6kt\u00fc\u011f\u00fc Bahar D\u00f6nemi Spor Turnuvas\u0131 sona erdi. Hem \u00f6\u011frenci hem de personel kategorisinde d\u00fczenlenen m\u00fcsabakalar, \u00f6d\u00fcl t\u00f6reniyle ta\u00e7land\u0131.<\/strong><\/p>\n<p>\u0130stanbul Ticaret \u00dcniversitesi Sa\u011fl\u0131k, K\u00fclt\u00fcr ve Spor Daire Ba\u015fkanl\u0131\u011f\u0131 taraf\u0131ndan d\u00fczenlenen Bahar D\u00f6nemi Spor Turnuvas\u0131, bu y\u0131l rekor kat\u0131l\u0131mla ger\u00e7ekle\u015fti. 603 sporcunun kat\u0131l\u0131m\u0131yla ba\u015flayan m\u00fcsabakalar\u0131n ard\u0131ndan, \u00f6d\u00fcl t\u00f6reni S\u00fctl\u00fcce Yerle\u015fkesi Konferans Salonu\u2019nda yap\u0131ld\u0131. T\u00f6rene Rekt\u00f6r Prof. Dr. Necip \u015eim\u015fek, Genel Sekreter Erdal Cesar, Genel Sekreter Yard\u0131mc\u0131s\u0131 Ka\u011fan K\u00f6klen, Meslek Y\u00fcksekokulu M\u00fcd\u00fcr\u00fc Do\u00e7. Dr. Muhammet Ceylan ve SKS Daire Ba\u015fkan\u0131 Kaan Fidan kat\u0131ld\u0131. Dereceye giren \u00f6\u011frenci ve personellere \u00f6d\u00fclleri takdim edildi.<\/p>\n<p><img loading=\"lazy\" decoding=\"async\" class=\"alignnone wp-image-49285 size-large\" src=\"https:\/\/ticaret.edu.tr\/wp-content\/uploads\/2025\/05\/WhatsApp-Image-2025-05-30-at-16.48.45-1024x683.jpeg\" alt=\"\" width=\"1024\" height=\"683\" \/><\/p>\n<p><strong>PROF. DR. \u015e\u0130M\u015eEK: \u201cB\u0130RL\u0130KTE YARI\u015eMAK, B\u0130RL\u0130KTE GEL\u0130\u015eMEK DEMEKT\u0130R\u201d<\/strong><\/p>\n<p>Prof. Dr. \u015eim\u015fek, ge\u00e7en seneye g\u00f6re turnuvaya kat\u0131l\u0131m\u0131n yakla\u015f\u0131k %50 oran\u0131nda artt\u0131\u011f\u0131n\u0131 belirtti. \u00d6\u011frenci ve personelin kayna\u015fmas\u0131na katk\u0131 sunan bu organizasyonun \u00f6nemine de\u011finen Prof. Dr. \u015eim\u015fek, \u201cBeraberce bir \u015feyler yapmak, birbirimizi tan\u0131maya, sosyalle\u015fmeye yard\u0131mc\u0131 oluyor. Kazanmak de\u011fil, birlikte yar\u0131\u015fmak daha de\u011ferlidir\u201d dedi. Prof. Dr. \u015eim\u015fek, turnuvaya eme\u011fi ge\u00e7enlere ve turnuvaya kat\u0131lan t\u00fcm \u00f6\u011frenciler ile personelimize te\u015fekk\u00fcr eden Prof. Dr. \u015eim\u015fek, \u00dcniversitenin spor k\u00fclt\u00fcr\u00fcn\u00fc yayg\u0131nla\u015ft\u0131rmay\u0131 s\u00fcrd\u00fcreceklerini belirtti.<\/p>\n<p><img loading=\"lazy\" decoding=\"async\" class=\"alignnone wp-image-49273 size-large\" src=\"https:\/\/ticaret.edu.tr\/wp-content\/uploads\/2025\/05\/WhatsApp-Image-2025-05-30-at-16.48.48-1024x683.jpeg\" alt=\"\" width=\"1024\" height=\"683\" \/><\/p>\n<p><strong>TAKIMLAR SAHADA, REKABET \u00dcST D\u00dcZEYDEYD\u0130<\/strong><\/p>\n<p>Turnuvan\u0131n tak\u0131m m\u00fcsabakalar\u0131nda \u00f6\u011frenciler basketbol, futbol, voleybol ve ayak tenisi bran\u015flar\u0131nda k\u0131yas\u0131ya m\u00fccadele etti. 3&#215;3 basketbol turnuvas\u0131nda birincili\u011fi \u0130TO tak\u0131m\u0131 kazan\u0131rken, Hoop Hunters ikinci, Bigboys ise \u00fc\u00e7\u00fcnc\u00fc oldu. Voleybolda A\u011f \u00dcst\u00fc Galaksisi tak\u0131m\u0131 \u015fampiyonlu\u011fu elde etti; Ambargo ikinci, Zingolli ise \u00fc\u00e7\u00fcnc\u00fcl\u00fckle yetindi. Futbol sahas\u0131nda ise Emperors tak\u0131m\u0131 zirvede yer ald\u0131; Siber FK ikinci, Real Program \u00fc\u00e7\u00fcnc\u00fc s\u0131rada turnuvay\u0131 tamamlad\u0131. Ayak tenisinde Exstra Spor tak\u0131m\u0131 birincilik k\u00fcrs\u00fcs\u00fcne \u00e7\u0131karken, D\u00fcmene Ge\u00e7enler ve Ko\u00e7 Bah\u00e7e tak\u0131mlar\u0131 da s\u0131ras\u0131yla ikinci ve \u00fc\u00e7\u00fcnc\u00fc oldular.<\/p>\n<p><img loading=\"lazy\" decoding=\"async\" class=\"alignnone wp-image-49278 size-large\" src=\"https:\/\/ticaret.edu.tr\/wp-content\/uploads\/2025\/05\/WhatsApp-Image-2025-05-30-at-16.48.46-4-1024x683.jpeg\" alt=\"\" width=\"1024\" height=\"683\" \/><\/p>\n<p><strong>B\u0130REYSEL BRAN\u015eLARDA YETENEKLER \u00d6N PLANA \u00c7IKTI<\/strong><\/p>\n<p>Bireysel m\u00fcsabakalarda da b\u00fcy\u00fck bir rekabet ya\u015fand\u0131. Masa tenisinde Elektrik-Elektronik M\u00fchendisli\u011fi \u00f6\u011frencisi Kaan G\u00fcnda\u011f birinci olurken, Hukuk Fak\u00fcltesi\u2019nden Tar\u0131k Demirel ikinci, D\u0131\u015f Ticaret Y\u00fcksek Lisans \u00f6\u011frencisi Abbas Afzal ise \u00fc\u00e7\u00fcnc\u00fc oldu. Badminton turnuvas\u0131nda Bilgisayar M\u00fchendisli\u011fi \u00f6\u011frencisi Azizul Mustafa ipi g\u00f6\u011f\u00fcslerken, ikinci s\u0131ray\u0131 Abbas Afzal, \u00fc\u00e7\u00fcnc\u00fc s\u0131ray\u0131 ise \u0130ngilizce \u0130\u015fletme \u00f6\u011frencisi Ayta\u00e7 An\u0131l Balta ald\u0131. Lang\u0131rt turnuvas\u0131nda Hukuk Fak\u00fcltesi \u00f6\u011frencileri \u00d6zg\u00fcr Bahad\u0131r ve Umut \u015een s\u0131ras\u0131yla birinci ve ikinci oldu; Medya ve \u0130leti\u015fim B\u00f6l\u00fcm\u00fc\u2019nden Aybars Turgay ise \u00fc\u00e7\u00fcnc\u00fcl\u00fc\u011f\u00fc elde etti.<\/p>\n<p><img loading=\"lazy\" decoding=\"async\" class=\"alignnone wp-image-49282 size-large\" src=\"https:\/\/ticaret.edu.tr\/wp-content\/uploads\/2025\/05\/WhatsApp-Image-2025-05-30-at-16.48.45-2-1024x683.jpeg\" alt=\"\" width=\"1024\" height=\"683\" \/><\/p>\n<p><strong>PERSONEL M\u00dcSABAKALARINDA DOSTLUK \u00d6N PLANDAYDI<\/strong><\/p>\n<p>Personel kategorisinde d\u00fczenlenen lang\u0131rt, masa tenisi, badminton ve futbol m\u00fcsabakalar\u0131 da yo\u011fun ilgi g\u00f6rd\u00fc. Lang\u0131rtta \u015eenol S\u00f6nmez birinci, H\u00fcseyin Bodur ikinci, Do\u011fan Burak Yolcu ise \u00fc\u00e7\u00fcnc\u00fc s\u0131rada yer ald\u0131. Masa tenisinde Ara\u015ft\u0131rma G\u00f6revlisi Mehmet Emin Tavman birincilik elde ederken, Dr. \u00d6\u011fr. \u00dcyesi L\u00fctf\u00fc \u00c7ak\u0131r ikinci, Kurumsal \u0130leti\u015fim Daire Ba\u015fkanl\u0131\u011f\u0131ndan Mustafa Latif Dilek ise \u00fc\u00e7\u00fcnc\u00fc oldu. Badminton bran\u015f\u0131nda ise birincilik Ara\u015ft\u0131rma G\u00f6revlisi Talha Karaday\u0131\u2019n\u0131n, ikincilik Do\u011fan Mert Akdemir\u2019in, \u00fc\u00e7\u00fcnc\u00fcl\u00fck ise O\u011fuz \u015eim\u015fek\u2019in oldu. Personel futbol turnuvas\u0131nda \u015fampiyonluk Minikler tak\u0131m\u0131n\u0131n olurken, G\u00fcvenlik G\u00fcc\u00fc tak\u0131m\u0131 ikinci, Y\u0131ld\u0131zlar tak\u0131m\u0131 ise \u00fc\u00e7\u00fcnc\u00fc s\u0131rada yer ald\u0131.<\/p>\n<p><img loading=\"lazy\" decoding=\"async\" class=\"alignnone wp-image-49277 size-large\" src=\"https:\/\/ticaret.edu.tr\/wp-content\/uploads\/2025\/05\/WhatsApp-Image-2025-05-30-at-16.48.47-1024x683.jpeg\" alt=\"\" width=\"1024\" height=\"683\" \/><\/p>\n<p><img loading=\"lazy\" decoding=\"async\" class=\"alignnone wp-image-49276 size-large\" src=\"https:\/\/ticaret.edu.tr\/wp-content\/uploads\/2025\/05\/WhatsApp-Image-2025-05-30-at-16.48.47-1-1024x683.jpeg\" alt=\"\" width=\"1024\" height=\"683\" \/><\/p>\n<p><img loading=\"lazy\" decoding=\"async\" class=\"alignnone wp-image-49279 size-large\" src=\"https:\/\/ticaret.edu.tr\/wp-content\/uploads\/2025\/05\/WhatsApp-Image-2025-05-30-at-16.48.46-3-1024x683.jpeg\" alt=\"\" width=\"1024\" height=\"683\" \/><\/p>\n<p><img loading=\"lazy\" decoding=\"async\" class=\"alignnone wp-image-49274 size-large\" src=\"https:\/\/ticaret.edu.tr\/wp-content\/uploads\/2025\/05\/WhatsApp-Image-2025-05-30-at-16.48.47-3-1024x683.jpeg\" alt=\"\" width=\"1024\" height=\"683\" \/><\/p>\n<p><img loading=\"lazy\" decoding=\"async\" class=\"alignnone wp-image-49275 size-large\" src=\"https:\/\/ticaret.edu.tr\/wp-content\/uploads\/2025\/05\/WhatsApp-Image-2025-05-30-at-16.48.47-2-1024x683.jpeg\" alt=\"\" width=\"1024\" height=\"683\" \/><\/p>\n<p><img loading=\"lazy\" decoding=\"async\" class=\"alignnone wp-image-49284 size-large\" src=\"https:\/\/ticaret.edu.tr\/wp-content\/uploads\/2025\/05\/WhatsApp-Image-2025-05-30-at-16.48.46-1-1024x683.jpeg\" alt=\"\" width=\"1024\" height=\"683\" \/><\/p>\n<p><img loading=\"lazy\" decoding=\"async\" class=\"alignnone wp-image-49283 size-large\" src=\"https:\/\/ticaret.edu.tr\/wp-content\/uploads\/2025\/05\/WhatsApp-Image-2025-05-30-at-16.48.45-1-1024x683.jpeg\" alt=\"\" width=\"1024\" height=\"683\" \/><\/p>\n<p><img loading=\"lazy\" decoding=\"async\" class=\"alignnone wp-image-49281 size-large\" src=\"https:\/\/ticaret.edu.tr\/wp-content\/uploads\/2025\/05\/WhatsApp-Image-2025-05-30-at-16.48.45-3-1024x683.jpeg\" alt=\"\" width=\"1024\" height=\"683\" \/><\/p>\n<p>&nbsp;<\/p>\n<p><img loading=\"lazy\" decoding=\"async\" class=\"alignnone wp-image-49280 size-large\" src=\"https:\/\/ticaret.edu.tr\/wp-content\/uploads\/2025\/05\/WhatsApp-Image-2025-05-30-at-16.48.46-2-1024x683.jpeg\" alt=\"\" width=\"1024\" height=\"683\" \/><\/p>\n<p>&nbsp;<\/p>\n<p>&nbsp;<\/p>\n","protected":false},"excerpt":{"rendered":"<p>\u0130stanbul Ticaret \u00dcniversitesi\u2019nde bu y\u0131l 603 sporcunun ter d\u00f6kt\u00fc\u011f\u00fc Bahar D\u00f6nemi Spor Turnuvas\u0131 sona erdi. Hem \u00f6\u011frenci hem de personel kategorisinde d\u00fczenlenen m\u00fcsabakalar, \u00f6d\u00fcl t\u00f6reniyle ta\u00e7land\u0131. \u0130stanbul Ticaret \u00dcniversitesi Sa\u011fl\u0131k, K\u00fclt\u00fcr ve Spor Daire Ba\u015fkanl\u0131\u011f\u0131 taraf\u0131ndan d\u00fczenlenen Bahar D\u00f6nemi Spor Turnuvas\u0131, bu y\u0131l rekor kat\u0131l\u0131mla ger\u00e7ekle\u015fti. 603 sporcunun kat\u0131l\u0131m\u0131yla ba\u015flayan m\u00fcsabakalar\u0131n ard\u0131ndan, \u00f6d\u00fcl t\u00f6reni S\u00fctl\u00fcce [&hellip;]<\/p>\n","protected":false},"author":242,"featured_media":1223,"comment_status":"closed","ping_status":"closed","sticky":false,"template":"","format":"standard","meta":{"footnotes":""},"categories":[30],"tags":[],"yoast_head":"<!-- This site is optimized with the Yoast SEO Premium plugin v22.1 (Yoast SEO v22.1) - https:\/\/yoast.com\/wordpress\/plugins\/seo\/ -->\n<title>Bahar turnuvas\u0131n\u0131n \u00f6d\u00fclleri sahiplerini buldu - Haberler - Sa\u011fl\u0131k K\u00fclt\u00fcr ve Spor Daire Ba\u015fkanl\u0131\u011f\u0131<\/title>\n<meta name=\"robots\" content=\"index, follow, max-snippet:-1, max-image-preview:large, max-video-preview:-1\" \/>\n<link rel=\"canonical\" href=\"https:\/\/ticaret.edu.tr\/saglik-kultur-ve-spor-daire-baskanligi\/2025\/05\/30\/bahar-turnuvasinin-odulleri-sahiplerini-buldu\/\" \/>\n<meta property=\"og:locale\" content=\"tr_TR\" \/>\n<meta property=\"og:type\" content=\"article\" \/>\n<meta property=\"og:title\" content=\"Bahar turnuvas\u0131n\u0131n \u00f6d\u00fclleri sahiplerini buldu\" \/>\n<meta property=\"og:description\" content=\"\u0130stanbul Ticaret \u00dcniversitesi\u2019nde bu y\u0131l 603 sporcunun ter d\u00f6kt\u00fc\u011f\u00fc Bahar D\u00f6nemi Spor Turnuvas\u0131 sona erdi. Hem \u00f6\u011frenci hem de personel kategorisinde d\u00fczenlenen m\u00fcsabakalar, \u00f6d\u00fcl t\u00f6reniyle ta\u00e7land\u0131. \u0130stanbul Ticaret \u00dcniversitesi Sa\u011fl\u0131k, K\u00fclt\u00fcr ve Spor Daire Ba\u015fkanl\u0131\u011f\u0131 taraf\u0131ndan d\u00fczenlenen Bahar D\u00f6nemi Spor Turnuvas\u0131, bu y\u0131l rekor kat\u0131l\u0131mla ger\u00e7ekle\u015fti. 603 sporcunun kat\u0131l\u0131m\u0131yla ba\u015flayan m\u00fcsabakalar\u0131n ard\u0131ndan, \u00f6d\u00fcl t\u00f6reni S\u00fctl\u00fcce [&hellip;]\" \/>\n<meta property=\"og:url\" content=\"https:\/\/ticaret.edu.tr\/saglik-kultur-ve-spor-daire-baskanligi\/2025\/05\/30\/bahar-turnuvasinin-odulleri-sahiplerini-buldu\/\" \/>\n<meta property=\"og:site_name\" content=\"Sa\u011fl\u0131k K\u00fclt\u00fcr ve Spor Daire Ba\u015fkanl\u0131\u011f\u0131\" \/>\n<meta property=\"article:publisher\" content=\"https:\/\/www.facebook.com\/ticaretedutr\" \/>\n<meta property=\"article:published_time\" content=\"2025-05-30T07:54:08+00:00\" \/>\n<meta property=\"article:modified_time\" content=\"2026-01-30T07:59:55+00:00\" \/>\n<meta property=\"og:image\" content=\"https:\/\/ticaret.edu.tr\/saglik-kultur-ve-spor-daire-baskanligi\/wp-content\/uploads\/sites\/32\/2026\/01\/WhatsApp-Image-2025-05-30-at-16.48.45-donusturuldugu-kaynak-webp.jpeg\" \/>\n\t<meta property=\"og:image:width\" content=\"2048\" \/>\n\t<meta property=\"og:image:height\" content=\"1365\" \/>\n\t<meta property=\"og:image:type\" content=\"image\/jpeg\" \/>\n<meta name=\"author\" content=\"hnozdemir\" \/>\n<meta name=\"twitter:card\" content=\"summary_large_image\" \/>\n<meta name=\"twitter:creator\" content=\"@ticaretedutr\" \/>\n<meta name=\"twitter:site\" content=\"@ticaretedutr\" \/>\n<meta name=\"twitter:label1\" content=\"Yazan:\" \/>\n\t<meta name=\"twitter:data1\" content=\"hnozdemir\" \/>\n\t<meta name=\"twitter:label2\" content=\"Tahmini okuma s\u00fcresi\" \/>\n\t<meta name=\"twitter:data2\" content=\"6 dakika\" \/>\n<script type=\"application\/ld+json\" class=\"yoast-schema-graph\">{\"@context\":\"https:\/\/schema.org\",\"@graph\":[{\"@type\":\"WebPage\",\"@id\":\"https:\/\/ticaret.edu.tr\/saglik-kultur-ve-spor-daire-baskanligi\/2025\/05\/30\/bahar-turnuvasinin-odulleri-sahiplerini-buldu\/\",\"url\":\"https:\/\/ticaret.edu.tr\/saglik-kultur-ve-spor-daire-baskanligi\/2025\/05\/30\/bahar-turnuvasinin-odulleri-sahiplerini-buldu\/\",\"name\":\"Bahar turnuvas\u0131n\u0131n \u00f6d\u00fclleri sahiplerini buldu - Haberler - Sa\u011fl\u0131k K\u00fclt\u00fcr ve Spor Daire Ba\u015fkanl\u0131\u011f\u0131\",\"isPartOf\":{\"@id\":\"https:\/\/ticaret.edu.tr\/saglik-kultur-ve-spor-daire-baskanligi\/#website\"},\"datePublished\":\"2025-05-30T07:54:08+00:00\",\"dateModified\":\"2026-01-30T07:59:55+00:00\",\"author\":{\"@id\":\"https:\/\/ticaret.edu.tr\/saglik-kultur-ve-spor-daire-baskanligi\/#\/schema\/person\/be8b7c5b8bca80d4fb445a136c0ad648\"},\"breadcrumb\":{\"@id\":\"https:\/\/ticaret.edu.tr\/saglik-kultur-ve-spor-daire-baskanligi\/2025\/05\/30\/bahar-turnuvasinin-odulleri-sahiplerini-buldu\/#breadcrumb\"},\"inLanguage\":\"tr\",\"potentialAction\":[{\"@type\":\"ReadAction\",\"target\":[\"https:\/\/ticaret.edu.tr\/saglik-kultur-ve-spor-daire-baskanligi\/2025\/05\/30\/bahar-turnuvasinin-odulleri-sahiplerini-buldu\/\"]}]},{\"@type\":\"BreadcrumbList\",\"@id\":\"https:\/\/ticaret.edu.tr\/saglik-kultur-ve-spor-daire-baskanligi\/2025\/05\/30\/bahar-turnuvasinin-odulleri-sahiplerini-buldu\/#breadcrumb\",\"itemListElement\":[{\"@type\":\"ListItem\",\"position\":1,\"name\":\"Ana sayfa\",\"item\":\"https:\/\/ticaret.edu.tr\/saglik-kultur-ve-spor-daire-baskanligi\/\"},{\"@type\":\"ListItem\",\"position\":2,\"name\":\"Bahar turnuvas\u0131n\u0131n \u00f6d\u00fclleri sahiplerini buldu\"}]},{\"@type\":\"WebSite\",\"@id\":\"https:\/\/ticaret.edu.tr\/saglik-kultur-ve-spor-daire-baskanligi\/#website\",\"url\":\"https:\/\/ticaret.edu.tr\/saglik-kultur-ve-spor-daire-baskanligi\/\",\"name\":\"Sa\u011fl\u0131k K\u00fclt\u00fcr ve Spor Daire Ba\u015fkanl\u0131\u011f\u0131\",\"description\":\"\",\"potentialAction\":[{\"@type\":\"SearchAction\",\"target\":{\"@type\":\"EntryPoint\",\"urlTemplate\":\"https:\/\/ticaret.edu.tr\/saglik-kultur-ve-spor-daire-baskanligi\/?s={search_term_string}\"},\"query-input\":\"required name=search_term_string\"}],\"inLanguage\":\"tr\"},{\"@type\":\"Person\",\"@id\":\"https:\/\/ticaret.edu.tr\/saglik-kultur-ve-spor-daire-baskanligi\/#\/schema\/person\/be8b7c5b8bca80d4fb445a136c0ad648\",\"name\":\"hnozdemir\",\"image\":{\"@type\":\"ImageObject\",\"inLanguage\":\"tr\",\"@id\":\"https:\/\/ticaret.edu.tr\/saglik-kultur-ve-spor-daire-baskanligi\/#\/schema\/person\/image\/\",\"url\":\"http:\/\/1.gravatar.com\/avatar\/48202b8a113265f56942c5e7b6255fe0?s=96&d=mm&r=g\",\"contentUrl\":\"http:\/\/1.gravatar.com\/avatar\/48202b8a113265f56942c5e7b6255fe0?s=96&d=mm&r=g\",\"caption\":\"hnozdemir\"},\"url\":\"http:\/\/ticaret.edu.tr\/saglik-kultur-ve-spor-daire-baskanligi\/author\/hnozdemir\/\"}]}<\/script>\n<!-- \/ Yoast SEO Premium plugin. -->","yoast_head_json":{"title":"Bahar turnuvas\u0131n\u0131n \u00f6d\u00fclleri sahiplerini buldu - Haberler - Sa\u011fl\u0131k K\u00fclt\u00fcr ve Spor Daire Ba\u015fkanl\u0131\u011f\u0131","robots":{"index":"index","follow":"follow","max-snippet":"max-snippet:-1","max-image-preview":"max-image-preview:large","max-video-preview":"max-video-preview:-1"},"canonical":"https:\/\/ticaret.edu.tr\/saglik-kultur-ve-spor-daire-baskanligi\/2025\/05\/30\/bahar-turnuvasinin-odulleri-sahiplerini-buldu\/","og_locale":"tr_TR","og_type":"article","og_title":"Bahar turnuvas\u0131n\u0131n \u00f6d\u00fclleri sahiplerini buldu","og_description":"\u0130stanbul Ticaret \u00dcniversitesi\u2019nde bu y\u0131l 603 sporcunun ter d\u00f6kt\u00fc\u011f\u00fc Bahar D\u00f6nemi Spor Turnuvas\u0131 sona erdi. Hem \u00f6\u011frenci hem de personel kategorisinde d\u00fczenlenen m\u00fcsabakalar, \u00f6d\u00fcl t\u00f6reniyle ta\u00e7land\u0131. \u0130stanbul Ticaret \u00dcniversitesi Sa\u011fl\u0131k, K\u00fclt\u00fcr ve Spor Daire Ba\u015fkanl\u0131\u011f\u0131 taraf\u0131ndan d\u00fczenlenen Bahar D\u00f6nemi Spor Turnuvas\u0131, bu y\u0131l rekor kat\u0131l\u0131mla ger\u00e7ekle\u015fti. 603 sporcunun kat\u0131l\u0131m\u0131yla ba\u015flayan m\u00fcsabakalar\u0131n ard\u0131ndan, \u00f6d\u00fcl t\u00f6reni S\u00fctl\u00fcce [&hellip;]","og_url":"https:\/\/ticaret.edu.tr\/saglik-kultur-ve-spor-daire-baskanligi\/2025\/05\/30\/bahar-turnuvasinin-odulleri-sahiplerini-buldu\/","og_site_name":"Sa\u011fl\u0131k K\u00fclt\u00fcr ve Spor Daire Ba\u015fkanl\u0131\u011f\u0131","article_publisher":"https:\/\/www.facebook.com\/ticaretedutr","article_published_time":"2025-05-30T07:54:08+00:00","article_modified_time":"2026-01-30T07:59:55+00:00","og_image":[{"width":2048,"height":1365,"url":"https:\/\/ticaret.edu.tr\/saglik-kultur-ve-spor-daire-baskanligi\/wp-content\/uploads\/sites\/32\/2026\/01\/WhatsApp-Image-2025-05-30-at-16.48.45-donusturuldugu-kaynak-webp.jpeg","type":"image\/jpeg"}],"author":"hnozdemir","twitter_card":"summary_large_image","twitter_creator":"@ticaretedutr","twitter_site":"@ticaretedutr","twitter_misc":{"Yazan:":"hnozdemir","Tahmini okuma s\u00fcresi":"6 dakika"},"schema":{"@context":"https:\/\/schema.org","@graph":[{"@type":"WebPage","@id":"https:\/\/ticaret.edu.tr\/saglik-kultur-ve-spor-daire-baskanligi\/2025\/05\/30\/bahar-turnuvasinin-odulleri-sahiplerini-buldu\/","url":"https:\/\/ticaret.edu.tr\/saglik-kultur-ve-spor-daire-baskanligi\/2025\/05\/30\/bahar-turnuvasinin-odulleri-sahiplerini-buldu\/","name":"Bahar turnuvas\u0131n\u0131n \u00f6d\u00fclleri sahiplerini buldu - Haberler - Sa\u011fl\u0131k K\u00fclt\u00fcr ve Spor Daire Ba\u015fkanl\u0131\u011f\u0131","isPartOf":{"@id":"https:\/\/ticaret.edu.tr\/saglik-kultur-ve-spor-daire-baskanligi\/#website"},"datePublished":"2025-05-30T07:54:08+00:00","dateModified":"2026-01-30T07:59:55+00:00","author":{"@id":"https:\/\/ticaret.edu.tr\/saglik-kultur-ve-spor-daire-baskanligi\/#\/schema\/person\/be8b7c5b8bca80d4fb445a136c0ad648"},"breadcrumb":{"@id":"https:\/\/ticaret.edu.tr\/saglik-kultur-ve-spor-daire-baskanligi\/2025\/05\/30\/bahar-turnuvasinin-odulleri-sahiplerini-buldu\/#breadcrumb"},"inLanguage":"tr","potentialAction":[{"@type":"ReadAction","target":["https:\/\/ticaret.edu.tr\/saglik-kultur-ve-spor-daire-baskanligi\/2025\/05\/30\/bahar-turnuvasinin-odulleri-sahiplerini-buldu\/"]}]},{"@type":"BreadcrumbList","@id":"https:\/\/ticaret.edu.tr\/saglik-kultur-ve-spor-daire-baskanligi\/2025\/05\/30\/bahar-turnuvasinin-odulleri-sahiplerini-buldu\/#breadcrumb","itemListElement":[{"@type":"ListItem","position":1,"name":"Ana sayfa","item":"https:\/\/ticaret.edu.tr\/saglik-kultur-ve-spor-daire-baskanligi\/"},{"@type":"ListItem","position":2,"name":"Bahar turnuvas\u0131n\u0131n \u00f6d\u00fclleri sahiplerini buldu"}]},{"@type":"WebSite","@id":"https:\/\/ticaret.edu.tr\/saglik-kultur-ve-spor-daire-baskanligi\/#website","url":"https:\/\/ticaret.edu.tr\/saglik-kultur-ve-spor-daire-baskanligi\/","name":"Sa\u011fl\u0131k K\u00fclt\u00fcr ve Spor Daire Ba\u015fkanl\u0131\u011f\u0131","description":"","potentialAction":[{"@type":"SearchAction","target":{"@type":"EntryPoint","urlTemplate":"https:\/\/ticaret.edu.tr\/saglik-kultur-ve-spor-daire-baskanligi\/?s={search_term_string}"},"query-input":"required name=search_term_string"}],"inLanguage":"tr"},{"@type":"Person","@id":"https:\/\/ticaret.edu.tr\/saglik-kultur-ve-spor-daire-baskanligi\/#\/schema\/person\/be8b7c5b8bca80d4fb445a136c0ad648","name":"hnozdemir","image":{"@type":"ImageObject","inLanguage":"tr","@id":"https:\/\/ticaret.edu.tr\/saglik-kultur-ve-spor-daire-baskanligi\/#\/schema\/person\/image\/","url":"http:\/\/1.gravatar.com\/avatar\/48202b8a113265f56942c5e7b6255fe0?s=96&d=mm&r=g","contentUrl":"http:\/\/1.gravatar.com\/avatar\/48202b8a113265f56942c5e7b6255fe0?s=96&d=mm&r=g","caption":"hnozdemir"},"url":"http:\/\/ticaret.edu.tr\/saglik-kultur-ve-spor-daire-baskanligi\/author\/hnozdemir\/"}]}},"lang":"tr","translations":{"tr":1222},"pll_sync_post":[],"_links":{"self":[{"href":"http:\/\/ticaret.edu.tr\/saglik-kultur-ve-spor-daire-baskanligi\/wp-json\/wp\/v2\/posts\/1222"}],"collection":[{"href":"http:\/\/ticaret.edu.tr\/saglik-kultur-ve-spor-daire-baskanligi\/wp-json\/wp\/v2\/posts"}],"about":[{"href":"http:\/\/ticaret.edu.tr\/saglik-kultur-ve-spor-daire-baskanligi\/wp-json\/wp\/v2\/types\/post"}],"author":[{"embeddable":true,"href":"http:\/\/ticaret.edu.tr\/saglik-kultur-ve-spor-daire-baskanligi\/wp-json\/wp\/v2\/users\/242"}],"replies":[{"embeddable":true,"href":"http:\/\/ticaret.edu.tr\/saglik-kultur-ve-spor-daire-baskanligi\/wp-json\/wp\/v2\/comments?post=1222"}],"version-history":[{"count":1,"href":"http:\/\/ticaret.edu.tr\/saglik-kultur-ve-spor-daire-baskanligi\/wp-json\/wp\/v2\/posts\/1222\/revisions"}],"predecessor-version":[{"id":1224,"href":"http:\/\/ticaret.edu.tr\/saglik-kultur-ve-spor-daire-baskanligi\/wp-json\/wp\/v2\/posts\/1222\/revisions\/1224"}],"wp:featuredmedia":[{"embeddable":true,"href":"http:\/\/ticaret.edu.tr\/saglik-kultur-ve-spor-daire-baskanligi\/wp-json\/wp\/v2\/media\/1223"}],"wp:attachment":[{"href":"http:\/\/ticaret.edu.tr\/saglik-kultur-ve-spor-daire-baskanligi\/wp-json\/wp\/v2\/media?parent=1222"}],"wp:term":[{"taxonomy":"category","embeddable":true,"href":"http:\/\/ticaret.edu.tr\/saglik-kultur-ve-spor-daire-baskanligi\/wp-json\/wp\/v2\/categories?post=1222"},{"taxonomy":"post_tag","embeddable":true,"href":"http:\/\/ticaret.edu.tr\/saglik-kultur-ve-spor-daire-baskanligi\/wp-json\/wp\/v2\/tags?post=1222"}],"curies":[{"name":"wp","href":"https:\/\/api.w.org\/{rel}","templated":true}]}}