{"id":1229,"date":"2025-10-28T11:05:13","date_gmt":"2025-10-28T08:05:13","guid":{"rendered":"https:\/\/ticaret.edu.tr\/saglik-kultur-ve-spor-daire-baskanligi\/?p=1229"},"modified":"2026-01-30T11:42:40","modified_gmt":"2026-01-30T08:42:40","slug":"ogrencilerimiz-stkfest-2025te-sivil-toplumla-bulustu","status":"publish","type":"post","link":"http:\/\/ticaret.edu.tr\/saglik-kultur-ve-spor-daire-baskanligi\/2025\/10\/28\/ogrencilerimiz-stkfest-2025te-sivil-toplumla-bulustu\/","title":{"rendered":"\u00d6\u011frencilerimiz STKFest 2025\u2019te Sivil Toplumla Bulu\u015ftu"},"content":{"rendered":"<p><strong>\u0130stanbul Ticaret \u00dcniversitesi \u00f6\u011frencileri, sosyal sorumluluk bilincini g\u00fc\u00e7lendiren ve sivil toplum kurulu\u015flar\u0131yla etkile\u015fimi art\u0131ran STKFest 2025\u2019te aktif rol ald\u0131. \u00dcniversitemiz Sa\u011fl\u0131k, K\u00fclt\u00fcr ve Spor (SKS) Daire Ba\u015fkanl\u0131\u011f\u0131 koordinasyonunda; Pazarlama, Bilgi ve Teknoloji (B\u0130TEK), Foto\u011fraf\u00e7\u0131l\u0131k, Matematik, Lojistik ve Z Jenerasyonu Topluluklar\u0131, 22\u201323 Ekim 2025 tarihlerinde d\u00fczenlenen etkinlikte \u00fcniversitemizi temsil etti.<\/strong><\/p>\n<p><img loading=\"lazy\" decoding=\"async\" class=\"alignnone wp-image-52951 size-large\" src=\"https:\/\/ticaret.edu.tr\/wp-content\/uploads\/2025\/10\/A7308445-1024x683.jpg\" alt=\"\" width=\"1024\" height=\"683\" \/><\/p>\n<p>T\u00fcrkiye G\u00f6n\u00fcll\u00fc Te\u015fekk\u00fcller Vakf\u0131 (TGTV), \u0130slam D\u00fcnyas\u0131 STK\u2019lar\u0131 Birli\u011fi (\u0130DSB) ve \u0130stanbul Sabahattin Zaim \u00dcniversitesi i\u015f birli\u011fiyle ger\u00e7ekle\u015ftirilen STKFest 2025, \u00fcniversite gen\u00e7li\u011fi ile sivil toplum kurulu\u015flar\u0131n\u0131 ayn\u0131 platformda bulu\u015fturdu. Etkinlikte yer alan Pazarlama, Bilgi ve Teknoloji (B\u0130TEK), Foto\u011fraf\u00e7\u0131l\u0131k, Matematik, Lojistik ve Z Jenerasyonu topluluklar\u0131m\u0131z, farkl\u0131 kurum ve kurulu\u015flarla tan\u0131\u015fma, projelerini anlatma ve i\u015f birli\u011fi olanaklar\u0131n\u0131 de\u011ferlendirme f\u0131rsat\u0131 buldu.<\/p>\n<p><img loading=\"lazy\" decoding=\"async\" class=\"alignnone wp-image-52947 size-large\" src=\"https:\/\/ticaret.edu.tr\/wp-content\/uploads\/2025\/10\/Adsiz.fin_-1024x516.jpg\" alt=\"\" width=\"1024\" height=\"516\" \/><\/p>\n<p><strong>\u0130\u015e B\u0130RL\u0130\u011e\u0130, G\u00d6N\u00dcLL\u00dcL\u00dcK VE PROJE G\u00d6R\u00dc\u015eMELER\u0130<\/strong><\/p>\n<p>Festival s\u00fcresince \u00f6\u011frenci topluluklar\u0131m\u0131z; vak\u0131f, dernek ve \u015firket temsilcileriyle g\u00f6r\u00fc\u015fmeler yaparak g\u00f6n\u00fcll\u00fcl\u00fck, staj, sponsorluk ve ortak proje konular\u0131nda ba\u011flant\u0131lar kurdu. SKS Daire Ba\u015fkanl\u0131\u011f\u0131 ekibi ise kurumlar\u0131n insan kaynaklar\u0131 ve proje birimleriyle ileti\u015fime ge\u00e7erek ilerleyen d\u00f6nemlerde \u00fcniversitemizde ger\u00e7ekle\u015ftirilebilecek etkinlik ve i\u015f birlikleri i\u00e7in davetlerde bulundu.<\/p>\n<p><img loading=\"lazy\" decoding=\"async\" class=\"alignnone wp-image-52940 size-large\" src=\"https:\/\/ticaret.edu.tr\/wp-content\/uploads\/2025\/10\/WhatsApp-Image-2025-10-22-at-13.05.39-1024x768.jpeg\" alt=\"\" width=\"1024\" height=\"768\" \/><\/p>\n<p><strong>GAZZE \u0130\u00c7\u0130N DAYANI\u015eMA ETK\u0130NL\u0130KLER\u0130<\/strong><\/p>\n<p>Etkinlik kapsam\u0131nda Filistin halk\u0131na destek amac\u0131yla Gazze \u0130\u00e7in Umut Fidan Dikimi ve Gazze \u0130\u00e7in Sessizlik Y\u00fcr\u00fcy\u00fc\u015f\u00fc d\u00fczenlendi. \u00dcniversitemiz \u00f6\u011frencileri de bu anlaml\u0131 etkinliklerde yer alarak bar\u0131\u015f, umut ve dayan\u0131\u015fma mesaj\u0131 verdi.<\/p>\n<p><img loading=\"lazy\" decoding=\"async\" class=\"alignnone wp-image-52942 size-large\" src=\"https:\/\/ticaret.edu.tr\/wp-content\/uploads\/2025\/10\/WhatsApp-Image-2025-10-22-at-13.08.17-1024x576.jpeg\" alt=\"\" width=\"1024\" height=\"576\" \/><\/p>\n<p><strong>YARI\u015eMALAR VE AT\u00d6LYELERLE ZENG\u0130N B\u0130R PROGRAM<\/strong><\/p>\n<p>STKFest 2025, \u00f6\u011frencilerin kat\u0131l\u0131m\u0131yla renkli g\u00f6r\u00fcnt\u00fclere sahne oldu. Festival boyunca d\u00fczenlenen yar\u0131\u015fmalar, uygulamal\u0131 at\u00f6lyeler ve etkile\u015fimli etkinlikler sayesinde \u00f6\u011frenciler hem e\u011flendi hem de farkl\u0131 alanlarda yeni beceriler kazand\u0131. \u00dcniversitemiz temsilcileri, di\u011fer \u00fcniversitelerin topluluk stantlar\u0131n\u0131 ziyaret ederek ortak proje fikirleri \u00fczerine g\u00f6r\u00fc\u015f al\u0131\u015fveri\u015finde bulundu.<\/p>\n<p><strong>S\u0130V\u0130L TOPLUM B\u0130L\u0130NC\u0130NE KATKI<\/strong><\/p>\n<p>STKFest 2025, \u00f6\u011frencilerimizin sivil toplum kurulu\u015flar\u0131yla temaslar\u0131n\u0131 art\u0131rarak sosyal sorumluluk bilincini peki\u015ftirdi. \u00d6\u011frenci topluluklar\u0131m\u0131z\u0131n tan\u0131t\u0131m faaliyetlerine, i\u015f birli\u011fi a\u011flar\u0131n\u0131n geni\u015flemesine ve sivil toplum bilincinin g\u00fc\u00e7lenmesine katk\u0131 sa\u011flayan verimli bir organizasyon oldu.<\/p>\n<p><img loading=\"lazy\" decoding=\"async\" class=\"alignnone wp-image-52944 size-large\" src=\"https:\/\/ticaret.edu.tr\/wp-content\/uploads\/2025\/10\/WhatsApp-Image-2025-10-22-at-13.09.02-1024x576.jpeg\" alt=\"\" width=\"1024\" height=\"576\" \/> <img loading=\"lazy\" decoding=\"async\" class=\"alignnone wp-image-52943 size-large\" src=\"https:\/\/ticaret.edu.tr\/wp-content\/uploads\/2025\/10\/WhatsApp-Image-2025-10-22-at-13.08.44-1024x576.jpeg\" alt=\"\" width=\"1024\" height=\"576\" \/> \u00a0<img loading=\"lazy\" decoding=\"async\" class=\"alignnone wp-image-52941 size-large\" src=\"https:\/\/ticaret.edu.tr\/wp-content\/uploads\/2025\/10\/WhatsApp-Image-2025-10-22-at-13.08.01-1024x576.jpeg\" alt=\"\" width=\"1024\" height=\"576\" \/><\/p>\n","protected":false},"excerpt":{"rendered":"<p>\u0130stanbul Ticaret \u00dcniversitesi \u00f6\u011frencileri, sosyal sorumluluk bilincini g\u00fc\u00e7lendiren ve sivil toplum kurulu\u015flar\u0131yla etkile\u015fimi art\u0131ran STKFest 2025\u2019te aktif rol ald\u0131. \u00dcniversitemiz Sa\u011fl\u0131k, K\u00fclt\u00fcr ve Spor (SKS) Daire Ba\u015fkanl\u0131\u011f\u0131 koordinasyonunda; Pazarlama, Bilgi ve Teknoloji (B\u0130TEK), Foto\u011fraf\u00e7\u0131l\u0131k, Matematik, Lojistik ve Z Jenerasyonu Topluluklar\u0131, 22\u201323 Ekim 2025 tarihlerinde d\u00fczenlenen etkinlikte \u00fcniversitemizi temsil etti. T\u00fcrkiye G\u00f6n\u00fcll\u00fc Te\u015fekk\u00fcller Vakf\u0131 (TGTV), \u0130slam [&hellip;]<\/p>\n","protected":false},"author":242,"featured_media":1230,"comment_status":"closed","ping_status":"closed","sticky":false,"template":"","format":"standard","meta":{"footnotes":""},"categories":[30],"tags":[],"yoast_head":"<!-- This site is optimized with the Yoast SEO Premium plugin v22.1 (Yoast SEO v22.1) - https:\/\/yoast.com\/wordpress\/plugins\/seo\/ -->\n<title>\u00d6\u011frencilerimiz STKFest 2025\u2019te Sivil Toplumla Bulu\u015ftu - Haberler - Sa\u011fl\u0131k K\u00fclt\u00fcr ve Spor Daire Ba\u015fkanl\u0131\u011f\u0131<\/title>\n<meta name=\"robots\" content=\"index, follow, max-snippet:-1, max-image-preview:large, max-video-preview:-1\" \/>\n<link rel=\"canonical\" href=\"https:\/\/ticaret.edu.tr\/saglik-kultur-ve-spor-daire-baskanligi\/2025\/10\/28\/ogrencilerimiz-stkfest-2025te-sivil-toplumla-bulustu\/\" \/>\n<meta property=\"og:locale\" content=\"tr_TR\" \/>\n<meta property=\"og:type\" content=\"article\" \/>\n<meta property=\"og:title\" content=\"\u00d6\u011frencilerimiz STKFest 2025\u2019te Sivil Toplumla Bulu\u015ftu\" \/>\n<meta property=\"og:description\" content=\"\u0130stanbul Ticaret \u00dcniversitesi \u00f6\u011frencileri, sosyal sorumluluk bilincini g\u00fc\u00e7lendiren ve sivil toplum kurulu\u015flar\u0131yla etkile\u015fimi art\u0131ran STKFest 2025\u2019te aktif rol ald\u0131. \u00dcniversitemiz Sa\u011fl\u0131k, K\u00fclt\u00fcr ve Spor (SKS) Daire Ba\u015fkanl\u0131\u011f\u0131 koordinasyonunda; Pazarlama, Bilgi ve Teknoloji (B\u0130TEK), Foto\u011fraf\u00e7\u0131l\u0131k, Matematik, Lojistik ve Z Jenerasyonu Topluluklar\u0131, 22\u201323 Ekim 2025 tarihlerinde d\u00fczenlenen etkinlikte \u00fcniversitemizi temsil etti. T\u00fcrkiye G\u00f6n\u00fcll\u00fc Te\u015fekk\u00fcller Vakf\u0131 (TGTV), \u0130slam [&hellip;]\" \/>\n<meta property=\"og:url\" content=\"https:\/\/ticaret.edu.tr\/saglik-kultur-ve-spor-daire-baskanligi\/2025\/10\/28\/ogrencilerimiz-stkfest-2025te-sivil-toplumla-bulustu\/\" \/>\n<meta property=\"og:site_name\" content=\"Sa\u011fl\u0131k K\u00fclt\u00fcr ve Spor Daire Ba\u015fkanl\u0131\u011f\u0131\" \/>\n<meta property=\"article:publisher\" content=\"https:\/\/www.facebook.com\/ticaretedutr\" \/>\n<meta property=\"article:published_time\" content=\"2025-10-28T08:05:13+00:00\" \/>\n<meta property=\"article:modified_time\" content=\"2026-01-30T08:42:40+00:00\" \/>\n<meta property=\"og:image\" content=\"https:\/\/ticaret.edu.tr\/saglik-kultur-ve-spor-daire-baskanligi\/wp-content\/uploads\/sites\/32\/2026\/01\/WhatsApp-Image-2025-10-22-at-13.05.39-donusturuldugu-kaynak-webp.jpeg\" \/>\n\t<meta property=\"og:image:width\" content=\"1600\" \/>\n\t<meta property=\"og:image:height\" content=\"1200\" \/>\n\t<meta property=\"og:image:type\" content=\"image\/jpeg\" \/>\n<meta name=\"author\" content=\"hnozdemir\" \/>\n<meta name=\"twitter:card\" content=\"summary_large_image\" \/>\n<meta name=\"twitter:creator\" content=\"@ticaretedutr\" \/>\n<meta name=\"twitter:site\" content=\"@ticaretedutr\" \/>\n<meta name=\"twitter:label1\" content=\"Yazan:\" \/>\n\t<meta name=\"twitter:data1\" content=\"hnozdemir\" \/>\n\t<meta name=\"twitter:label2\" content=\"Tahmini okuma s\u00fcresi\" \/>\n\t<meta name=\"twitter:data2\" content=\"4 dakika\" \/>\n<script type=\"application\/ld+json\" class=\"yoast-schema-graph\">{\"@context\":\"https:\/\/schema.org\",\"@graph\":[{\"@type\":\"WebPage\",\"@id\":\"https:\/\/ticaret.edu.tr\/saglik-kultur-ve-spor-daire-baskanligi\/2025\/10\/28\/ogrencilerimiz-stkfest-2025te-sivil-toplumla-bulustu\/\",\"url\":\"https:\/\/ticaret.edu.tr\/saglik-kultur-ve-spor-daire-baskanligi\/2025\/10\/28\/ogrencilerimiz-stkfest-2025te-sivil-toplumla-bulustu\/\",\"name\":\"\u00d6\u011frencilerimiz STKFest 2025\u2019te Sivil Toplumla Bulu\u015ftu - Haberler - Sa\u011fl\u0131k K\u00fclt\u00fcr ve Spor Daire Ba\u015fkanl\u0131\u011f\u0131\",\"isPartOf\":{\"@id\":\"https:\/\/ticaret.edu.tr\/saglik-kultur-ve-spor-daire-baskanligi\/#website\"},\"datePublished\":\"2025-10-28T08:05:13+00:00\",\"dateModified\":\"2026-01-30T08:42:40+00:00\",\"author\":{\"@id\":\"https:\/\/ticaret.edu.tr\/saglik-kultur-ve-spor-daire-baskanligi\/#\/schema\/person\/be8b7c5b8bca80d4fb445a136c0ad648\"},\"breadcrumb\":{\"@id\":\"https:\/\/ticaret.edu.tr\/saglik-kultur-ve-spor-daire-baskanligi\/2025\/10\/28\/ogrencilerimiz-stkfest-2025te-sivil-toplumla-bulustu\/#breadcrumb\"},\"inLanguage\":\"tr\",\"potentialAction\":[{\"@type\":\"ReadAction\",\"target\":[\"https:\/\/ticaret.edu.tr\/saglik-kultur-ve-spor-daire-baskanligi\/2025\/10\/28\/ogrencilerimiz-stkfest-2025te-sivil-toplumla-bulustu\/\"]}]},{\"@type\":\"BreadcrumbList\",\"@id\":\"https:\/\/ticaret.edu.tr\/saglik-kultur-ve-spor-daire-baskanligi\/2025\/10\/28\/ogrencilerimiz-stkfest-2025te-sivil-toplumla-bulustu\/#breadcrumb\",\"itemListElement\":[{\"@type\":\"ListItem\",\"position\":1,\"name\":\"Ana sayfa\",\"item\":\"https:\/\/ticaret.edu.tr\/saglik-kultur-ve-spor-daire-baskanligi\/\"},{\"@type\":\"ListItem\",\"position\":2,\"name\":\"\u00d6\u011frencilerimiz STKFest 2025\u2019te Sivil Toplumla Bulu\u015ftu\"}]},{\"@type\":\"WebSite\",\"@id\":\"https:\/\/ticaret.edu.tr\/saglik-kultur-ve-spor-daire-baskanligi\/#website\",\"url\":\"https:\/\/ticaret.edu.tr\/saglik-kultur-ve-spor-daire-baskanligi\/\",\"name\":\"Sa\u011fl\u0131k K\u00fclt\u00fcr ve Spor Daire Ba\u015fkanl\u0131\u011f\u0131\",\"description\":\"\",\"potentialAction\":[{\"@type\":\"SearchAction\",\"target\":{\"@type\":\"EntryPoint\",\"urlTemplate\":\"https:\/\/ticaret.edu.tr\/saglik-kultur-ve-spor-daire-baskanligi\/?s={search_term_string}\"},\"query-input\":\"required name=search_term_string\"}],\"inLanguage\":\"tr\"},{\"@type\":\"Person\",\"@id\":\"https:\/\/ticaret.edu.tr\/saglik-kultur-ve-spor-daire-baskanligi\/#\/schema\/person\/be8b7c5b8bca80d4fb445a136c0ad648\",\"name\":\"hnozdemir\",\"image\":{\"@type\":\"ImageObject\",\"inLanguage\":\"tr\",\"@id\":\"https:\/\/ticaret.edu.tr\/saglik-kultur-ve-spor-daire-baskanligi\/#\/schema\/person\/image\/\",\"url\":\"http:\/\/1.gravatar.com\/avatar\/48202b8a113265f56942c5e7b6255fe0?s=96&d=mm&r=g\",\"contentUrl\":\"http:\/\/1.gravatar.com\/avatar\/48202b8a113265f56942c5e7b6255fe0?s=96&d=mm&r=g\",\"caption\":\"hnozdemir\"},\"url\":\"http:\/\/ticaret.edu.tr\/saglik-kultur-ve-spor-daire-baskanligi\/author\/hnozdemir\/\"}]}<\/script>\n<!-- \/ Yoast SEO Premium plugin. -->","yoast_head_json":{"title":"\u00d6\u011frencilerimiz STKFest 2025\u2019te Sivil Toplumla Bulu\u015ftu - Haberler - Sa\u011fl\u0131k K\u00fclt\u00fcr ve Spor Daire Ba\u015fkanl\u0131\u011f\u0131","robots":{"index":"index","follow":"follow","max-snippet":"max-snippet:-1","max-image-preview":"max-image-preview:large","max-video-preview":"max-video-preview:-1"},"canonical":"https:\/\/ticaret.edu.tr\/saglik-kultur-ve-spor-daire-baskanligi\/2025\/10\/28\/ogrencilerimiz-stkfest-2025te-sivil-toplumla-bulustu\/","og_locale":"tr_TR","og_type":"article","og_title":"\u00d6\u011frencilerimiz STKFest 2025\u2019te Sivil Toplumla Bulu\u015ftu","og_description":"\u0130stanbul Ticaret \u00dcniversitesi \u00f6\u011frencileri, sosyal sorumluluk bilincini g\u00fc\u00e7lendiren ve sivil toplum kurulu\u015flar\u0131yla etkile\u015fimi art\u0131ran STKFest 2025\u2019te aktif rol ald\u0131. \u00dcniversitemiz Sa\u011fl\u0131k, K\u00fclt\u00fcr ve Spor (SKS) Daire Ba\u015fkanl\u0131\u011f\u0131 koordinasyonunda; Pazarlama, Bilgi ve Teknoloji (B\u0130TEK), Foto\u011fraf\u00e7\u0131l\u0131k, Matematik, Lojistik ve Z Jenerasyonu Topluluklar\u0131, 22\u201323 Ekim 2025 tarihlerinde d\u00fczenlenen etkinlikte \u00fcniversitemizi temsil etti. T\u00fcrkiye G\u00f6n\u00fcll\u00fc Te\u015fekk\u00fcller Vakf\u0131 (TGTV), \u0130slam [&hellip;]","og_url":"https:\/\/ticaret.edu.tr\/saglik-kultur-ve-spor-daire-baskanligi\/2025\/10\/28\/ogrencilerimiz-stkfest-2025te-sivil-toplumla-bulustu\/","og_site_name":"Sa\u011fl\u0131k K\u00fclt\u00fcr ve Spor Daire Ba\u015fkanl\u0131\u011f\u0131","article_publisher":"https:\/\/www.facebook.com\/ticaretedutr","article_published_time":"2025-10-28T08:05:13+00:00","article_modified_time":"2026-01-30T08:42:40+00:00","og_image":[{"width":1600,"height":1200,"url":"https:\/\/ticaret.edu.tr\/saglik-kultur-ve-spor-daire-baskanligi\/wp-content\/uploads\/sites\/32\/2026\/01\/WhatsApp-Image-2025-10-22-at-13.05.39-donusturuldugu-kaynak-webp.jpeg","type":"image\/jpeg"}],"author":"hnozdemir","twitter_card":"summary_large_image","twitter_creator":"@ticaretedutr","twitter_site":"@ticaretedutr","twitter_misc":{"Yazan:":"hnozdemir","Tahmini okuma s\u00fcresi":"4 dakika"},"schema":{"@context":"https:\/\/schema.org","@graph":[{"@type":"WebPage","@id":"https:\/\/ticaret.edu.tr\/saglik-kultur-ve-spor-daire-baskanligi\/2025\/10\/28\/ogrencilerimiz-stkfest-2025te-sivil-toplumla-bulustu\/","url":"https:\/\/ticaret.edu.tr\/saglik-kultur-ve-spor-daire-baskanligi\/2025\/10\/28\/ogrencilerimiz-stkfest-2025te-sivil-toplumla-bulustu\/","name":"\u00d6\u011frencilerimiz STKFest 2025\u2019te Sivil Toplumla Bulu\u015ftu - Haberler - Sa\u011fl\u0131k K\u00fclt\u00fcr ve Spor Daire Ba\u015fkanl\u0131\u011f\u0131","isPartOf":{"@id":"https:\/\/ticaret.edu.tr\/saglik-kultur-ve-spor-daire-baskanligi\/#website"},"datePublished":"2025-10-28T08:05:13+00:00","dateModified":"2026-01-30T08:42:40+00:00","author":{"@id":"https:\/\/ticaret.edu.tr\/saglik-kultur-ve-spor-daire-baskanligi\/#\/schema\/person\/be8b7c5b8bca80d4fb445a136c0ad648"},"breadcrumb":{"@id":"https:\/\/ticaret.edu.tr\/saglik-kultur-ve-spor-daire-baskanligi\/2025\/10\/28\/ogrencilerimiz-stkfest-2025te-sivil-toplumla-bulustu\/#breadcrumb"},"inLanguage":"tr","potentialAction":[{"@type":"ReadAction","target":["https:\/\/ticaret.edu.tr\/saglik-kultur-ve-spor-daire-baskanligi\/2025\/10\/28\/ogrencilerimiz-stkfest-2025te-sivil-toplumla-bulustu\/"]}]},{"@type":"BreadcrumbList","@id":"https:\/\/ticaret.edu.tr\/saglik-kultur-ve-spor-daire-baskanligi\/2025\/10\/28\/ogrencilerimiz-stkfest-2025te-sivil-toplumla-bulustu\/#breadcrumb","itemListElement":[{"@type":"ListItem","position":1,"name":"Ana sayfa","item":"https:\/\/ticaret.edu.tr\/saglik-kultur-ve-spor-daire-baskanligi\/"},{"@type":"ListItem","position":2,"name":"\u00d6\u011frencilerimiz STKFest 2025\u2019te Sivil Toplumla Bulu\u015ftu"}]},{"@type":"WebSite","@id":"https:\/\/ticaret.edu.tr\/saglik-kultur-ve-spor-daire-baskanligi\/#website","url":"https:\/\/ticaret.edu.tr\/saglik-kultur-ve-spor-daire-baskanligi\/","name":"Sa\u011fl\u0131k K\u00fclt\u00fcr ve Spor Daire Ba\u015fkanl\u0131\u011f\u0131","description":"","potentialAction":[{"@type":"SearchAction","target":{"@type":"EntryPoint","urlTemplate":"https:\/\/ticaret.edu.tr\/saglik-kultur-ve-spor-daire-baskanligi\/?s={search_term_string}"},"query-input":"required name=search_term_string"}],"inLanguage":"tr"},{"@type":"Person","@id":"https:\/\/ticaret.edu.tr\/saglik-kultur-ve-spor-daire-baskanligi\/#\/schema\/person\/be8b7c5b8bca80d4fb445a136c0ad648","name":"hnozdemir","image":{"@type":"ImageObject","inLanguage":"tr","@id":"https:\/\/ticaret.edu.tr\/saglik-kultur-ve-spor-daire-baskanligi\/#\/schema\/person\/image\/","url":"http:\/\/1.gravatar.com\/avatar\/48202b8a113265f56942c5e7b6255fe0?s=96&d=mm&r=g","contentUrl":"http:\/\/1.gravatar.com\/avatar\/48202b8a113265f56942c5e7b6255fe0?s=96&d=mm&r=g","caption":"hnozdemir"},"url":"http:\/\/ticaret.edu.tr\/saglik-kultur-ve-spor-daire-baskanligi\/author\/hnozdemir\/"}]}},"lang":"tr","translations":{"tr":1229},"pll_sync_post":[],"_links":{"self":[{"href":"http:\/\/ticaret.edu.tr\/saglik-kultur-ve-spor-daire-baskanligi\/wp-json\/wp\/v2\/posts\/1229"}],"collection":[{"href":"http:\/\/ticaret.edu.tr\/saglik-kultur-ve-spor-daire-baskanligi\/wp-json\/wp\/v2\/posts"}],"about":[{"href":"http:\/\/ticaret.edu.tr\/saglik-kultur-ve-spor-daire-baskanligi\/wp-json\/wp\/v2\/types\/post"}],"author":[{"embeddable":true,"href":"http:\/\/ticaret.edu.tr\/saglik-kultur-ve-spor-daire-baskanligi\/wp-json\/wp\/v2\/users\/242"}],"replies":[{"embeddable":true,"href":"http:\/\/ticaret.edu.tr\/saglik-kultur-ve-spor-daire-baskanligi\/wp-json\/wp\/v2\/comments?post=1229"}],"version-history":[{"count":1,"href":"http:\/\/ticaret.edu.tr\/saglik-kultur-ve-spor-daire-baskanligi\/wp-json\/wp\/v2\/posts\/1229\/revisions"}],"predecessor-version":[{"id":1231,"href":"http:\/\/ticaret.edu.tr\/saglik-kultur-ve-spor-daire-baskanligi\/wp-json\/wp\/v2\/posts\/1229\/revisions\/1231"}],"wp:featuredmedia":[{"embeddable":true,"href":"http:\/\/ticaret.edu.tr\/saglik-kultur-ve-spor-daire-baskanligi\/wp-json\/wp\/v2\/media\/1230"}],"wp:attachment":[{"href":"http:\/\/ticaret.edu.tr\/saglik-kultur-ve-spor-daire-baskanligi\/wp-json\/wp\/v2\/media?parent=1229"}],"wp:term":[{"taxonomy":"category","embeddable":true,"href":"http:\/\/ticaret.edu.tr\/saglik-kultur-ve-spor-daire-baskanligi\/wp-json\/wp\/v2\/categories?post=1229"},{"taxonomy":"post_tag","embeddable":true,"href":"http:\/\/ticaret.edu.tr\/saglik-kultur-ve-spor-daire-baskanligi\/wp-json\/wp\/v2\/tags?post=1229"}],"curies":[{"name":"wp","href":"https:\/\/api.w.org\/{rel}","templated":true}]}}