{"id":1235,"date":"2026-01-12T11:18:23","date_gmt":"2026-01-12T08:18:23","guid":{"rendered":"https:\/\/ticaret.edu.tr\/saglik-kultur-ve-spor-daire-baskanligi\/?p=1235"},"modified":"2026-01-30T11:43:09","modified_gmt":"2026-01-30T08:43:09","slug":"universitemizden-gelecege-nefes-hareketine-destek","status":"publish","type":"post","link":"http:\/\/ticaret.edu.tr\/saglik-kultur-ve-spor-daire-baskanligi\/2026\/01\/12\/universitemizden-gelecege-nefes-hareketine-destek\/","title":{"rendered":"\u00dcniversitemizden \u201cGelece\u011fe Nefes\u201d Hareketine Destek"},"content":{"rendered":"<p><strong>\u0130stanbul Ticaret \u00dcniversitesi, 11 Kas\u0131m Milli A\u011fa\u00e7land\u0131rma G\u00fcn\u00fc kapsam\u0131nda Belgrad Orman\u0131\u2019nda d\u00fczenlenen fidan dikim etkinli\u011fine \u00f6\u011frencileri ve personeliyle kat\u0131l\u0131m sa\u011flad\u0131. SKS Daire Ba\u015fkanl\u0131\u011f\u0131 ve K\u0131z\u0131lay ile Kariyer ve Geli\u015fim Toplulu\u011fu i\u015f birli\u011fiyle ger\u00e7ekle\u015ftirilen etkinlikte, \u00e7evre bilinci ve s\u00fcrd\u00fcr\u00fclebilirlik fark\u0131ndal\u0131\u011f\u0131n\u0131n g\u00fc\u00e7lendirilmesi hedeflendi.<\/strong><\/p>\n<p><img loading=\"lazy\" decoding=\"async\" class=\"alignnone wp-image-53338 size-large\" src=\"https:\/\/ticaret.edu.tr\/wp-content\/uploads\/2025\/11\/1-1-1024x768.jpeg\" alt=\"\" width=\"1024\" height=\"768\" \/><\/p>\n<p>Tar\u0131m ve Orman Bakanl\u0131\u011f\u0131 Orman Genel M\u00fcd\u00fcrl\u00fc\u011f\u00fc koordinasyonunda \u00fclke genelinde d\u00fczenlenen 11 Kas\u0131m Milli A\u011fa\u00e7land\u0131rma G\u00fcn\u00fc kapsam\u0131nda, \u00dcniversitemiz Sa\u011fl\u0131k, K\u00fclt\u00fcr ve Spor Daire Ba\u015fkanl\u0131\u011f\u0131 ve K\u0131z\u0131lay ile Kariyer ve Geli\u015fim Toplulu\u011fu taraf\u0131ndan 11.11.2025 tarihinde Sar\u0131yer Belgrad Orman\u0131\u2019nda a\u011fa\u00e7 dikim etkinli\u011fi ger\u00e7ekle\u015ftirildi. Etkinlikte \u00f6\u011frencilerimiz ve personelimiz, Belgrad Orman\u0131\u2019nda ger\u00e7ekle\u015ftirilen fidan dikim \u00e7al\u0131\u015fmalar\u0131na aktif \u015fekilde kat\u0131ld\u0131.<\/p>\n<p><img loading=\"lazy\" decoding=\"async\" class=\"alignnone wp-image-53339 size-large\" src=\"https:\/\/ticaret.edu.tr\/wp-content\/uploads\/2025\/11\/2-768x1024.jpeg\" alt=\"\" width=\"768\" height=\"1024\" \/><\/p>\n<p><strong>SKS ve \u00d6\u011frenciler Birlikte Sahadayd\u0131<\/strong><\/p>\n<p>Sa\u011fl\u0131k, K\u00fclt\u00fcr ve Spor Daire Ba\u015fkanl\u0131\u011f\u0131 uzman\u0131 Hasan \u00c7al\u0131\u015fkan da \u00f6\u011frencilerle birlikte sahada yer alarak fidan dikim faaliyetlerine destek verdi. \u00c7al\u0131\u015fkan, \u00e7evre duyarl\u0131l\u0131\u011f\u0131n\u0131 art\u0131ran bu t\u00fcr etkinliklerin gen\u00e7lerde s\u00fcrd\u00fcr\u00fclebilirlik bilincinin geli\u015fmesine \u00f6nemli katk\u0131 sundu\u011funu ifade etti.<\/p>\n<p><img loading=\"lazy\" decoding=\"async\" class=\"alignnone wp-image-53341 size-large\" src=\"https:\/\/ticaret.edu.tr\/wp-content\/uploads\/2025\/11\/4-1-768x1024.jpeg\" alt=\"\" width=\"768\" height=\"1024\" \/> <img loading=\"lazy\" decoding=\"async\" class=\"alignnone wp-image-53340 size-large\" src=\"https:\/\/ticaret.edu.tr\/wp-content\/uploads\/2025\/11\/3-768x1024.jpeg\" alt=\"\" width=\"768\" height=\"1024\" \/><\/p>\n<p><img loading=\"lazy\" decoding=\"async\" class=\"alignnone size-medium wp-image-55060\" src=\"https:\/\/ticaret.edu.tr\/wp-content\/uploads\/2025\/12\/Kategori-15-300x300.jpg\" alt=\"\" width=\"300\" height=\"300\" \/><\/p>\n","protected":false},"excerpt":{"rendered":"<p>\u0130stanbul Ticaret \u00dcniversitesi, 11 Kas\u0131m Milli A\u011fa\u00e7land\u0131rma G\u00fcn\u00fc kapsam\u0131nda Belgrad Orman\u0131\u2019nda d\u00fczenlenen fidan dikim etkinli\u011fine \u00f6\u011frencileri ve personeliyle kat\u0131l\u0131m sa\u011flad\u0131. SKS Daire Ba\u015fkanl\u0131\u011f\u0131 ve K\u0131z\u0131lay ile Kariyer ve Geli\u015fim Toplulu\u011fu i\u015f birli\u011fiyle ger\u00e7ekle\u015ftirilen etkinlikte, \u00e7evre bilinci ve s\u00fcrd\u00fcr\u00fclebilirlik fark\u0131ndal\u0131\u011f\u0131n\u0131n g\u00fc\u00e7lendirilmesi hedeflendi. Tar\u0131m ve Orman Bakanl\u0131\u011f\u0131 Orman Genel M\u00fcd\u00fcrl\u00fc\u011f\u00fc koordinasyonunda \u00fclke genelinde d\u00fczenlenen 11 Kas\u0131m Milli [&hellip;]<\/p>\n","protected":false},"author":242,"featured_media":1236,"comment_status":"closed","ping_status":"closed","sticky":false,"template":"","format":"standard","meta":{"footnotes":""},"categories":[30],"tags":[],"yoast_head":"<!-- This site is optimized with the Yoast SEO Premium plugin v22.1 (Yoast SEO v22.1) - https:\/\/yoast.com\/wordpress\/plugins\/seo\/ -->\n<title>\u00dcniversitemizden \u201cGelece\u011fe Nefes\u201d Hareketine Destek - Haberler - Sa\u011fl\u0131k K\u00fclt\u00fcr ve Spor Daire Ba\u015fkanl\u0131\u011f\u0131<\/title>\n<meta name=\"robots\" content=\"index, follow, max-snippet:-1, max-image-preview:large, max-video-preview:-1\" \/>\n<link rel=\"canonical\" href=\"https:\/\/ticaret.edu.tr\/saglik-kultur-ve-spor-daire-baskanligi\/2026\/01\/12\/universitemizden-gelecege-nefes-hareketine-destek\/\" \/>\n<meta property=\"og:locale\" content=\"tr_TR\" \/>\n<meta property=\"og:type\" content=\"article\" \/>\n<meta property=\"og:title\" content=\"\u00dcniversitemizden \u201cGelece\u011fe Nefes\u201d Hareketine Destek\" \/>\n<meta property=\"og:description\" content=\"\u0130stanbul Ticaret \u00dcniversitesi, 11 Kas\u0131m Milli A\u011fa\u00e7land\u0131rma G\u00fcn\u00fc kapsam\u0131nda Belgrad Orman\u0131\u2019nda d\u00fczenlenen fidan dikim etkinli\u011fine \u00f6\u011frencileri ve personeliyle kat\u0131l\u0131m sa\u011flad\u0131. SKS Daire Ba\u015fkanl\u0131\u011f\u0131 ve K\u0131z\u0131lay ile Kariyer ve Geli\u015fim Toplulu\u011fu i\u015f birli\u011fiyle ger\u00e7ekle\u015ftirilen etkinlikte, \u00e7evre bilinci ve s\u00fcrd\u00fcr\u00fclebilirlik fark\u0131ndal\u0131\u011f\u0131n\u0131n g\u00fc\u00e7lendirilmesi hedeflendi. Tar\u0131m ve Orman Bakanl\u0131\u011f\u0131 Orman Genel M\u00fcd\u00fcrl\u00fc\u011f\u00fc koordinasyonunda \u00fclke genelinde d\u00fczenlenen 11 Kas\u0131m Milli [&hellip;]\" \/>\n<meta property=\"og:url\" content=\"https:\/\/ticaret.edu.tr\/saglik-kultur-ve-spor-daire-baskanligi\/2026\/01\/12\/universitemizden-gelecege-nefes-hareketine-destek\/\" \/>\n<meta property=\"og:site_name\" content=\"Sa\u011fl\u0131k K\u00fclt\u00fcr ve Spor Daire Ba\u015fkanl\u0131\u011f\u0131\" \/>\n<meta property=\"article:publisher\" content=\"https:\/\/www.facebook.com\/ticaretedutr\" \/>\n<meta property=\"article:published_time\" content=\"2026-01-12T08:18:23+00:00\" \/>\n<meta property=\"article:modified_time\" content=\"2026-01-30T08:43:09+00:00\" \/>\n<meta property=\"og:image\" content=\"https:\/\/ticaret.edu.tr\/saglik-kultur-ve-spor-daire-baskanligi\/wp-content\/uploads\/sites\/32\/2026\/01\/1-1-donusturuldugu-kaynak-webp.jpeg\" \/>\n\t<meta property=\"og:image:width\" content=\"1600\" \/>\n\t<meta property=\"og:image:height\" content=\"1200\" \/>\n\t<meta property=\"og:image:type\" content=\"image\/jpeg\" \/>\n<meta name=\"author\" content=\"hnozdemir\" \/>\n<meta name=\"twitter:card\" content=\"summary_large_image\" \/>\n<meta name=\"twitter:creator\" content=\"@ticaretedutr\" \/>\n<meta name=\"twitter:site\" content=\"@ticaretedutr\" \/>\n<meta name=\"twitter:label1\" content=\"Yazan:\" \/>\n\t<meta name=\"twitter:data1\" content=\"hnozdemir\" \/>\n\t<meta name=\"twitter:label2\" content=\"Tahmini okuma s\u00fcresi\" \/>\n\t<meta name=\"twitter:data2\" content=\"3 dakika\" \/>\n<script type=\"application\/ld+json\" class=\"yoast-schema-graph\">{\"@context\":\"https:\/\/schema.org\",\"@graph\":[{\"@type\":\"WebPage\",\"@id\":\"https:\/\/ticaret.edu.tr\/saglik-kultur-ve-spor-daire-baskanligi\/2026\/01\/12\/universitemizden-gelecege-nefes-hareketine-destek\/\",\"url\":\"https:\/\/ticaret.edu.tr\/saglik-kultur-ve-spor-daire-baskanligi\/2026\/01\/12\/universitemizden-gelecege-nefes-hareketine-destek\/\",\"name\":\"\u00dcniversitemizden \u201cGelece\u011fe Nefes\u201d Hareketine Destek - Haberler - Sa\u011fl\u0131k K\u00fclt\u00fcr ve Spor Daire Ba\u015fkanl\u0131\u011f\u0131\",\"isPartOf\":{\"@id\":\"https:\/\/ticaret.edu.tr\/saglik-kultur-ve-spor-daire-baskanligi\/#website\"},\"datePublished\":\"2026-01-12T08:18:23+00:00\",\"dateModified\":\"2026-01-30T08:43:09+00:00\",\"author\":{\"@id\":\"https:\/\/ticaret.edu.tr\/saglik-kultur-ve-spor-daire-baskanligi\/#\/schema\/person\/be8b7c5b8bca80d4fb445a136c0ad648\"},\"breadcrumb\":{\"@id\":\"https:\/\/ticaret.edu.tr\/saglik-kultur-ve-spor-daire-baskanligi\/2026\/01\/12\/universitemizden-gelecege-nefes-hareketine-destek\/#breadcrumb\"},\"inLanguage\":\"tr\",\"potentialAction\":[{\"@type\":\"ReadAction\",\"target\":[\"https:\/\/ticaret.edu.tr\/saglik-kultur-ve-spor-daire-baskanligi\/2026\/01\/12\/universitemizden-gelecege-nefes-hareketine-destek\/\"]}]},{\"@type\":\"BreadcrumbList\",\"@id\":\"https:\/\/ticaret.edu.tr\/saglik-kultur-ve-spor-daire-baskanligi\/2026\/01\/12\/universitemizden-gelecege-nefes-hareketine-destek\/#breadcrumb\",\"itemListElement\":[{\"@type\":\"ListItem\",\"position\":1,\"name\":\"Ana sayfa\",\"item\":\"https:\/\/ticaret.edu.tr\/saglik-kultur-ve-spor-daire-baskanligi\/\"},{\"@type\":\"ListItem\",\"position\":2,\"name\":\"\u00dcniversitemizden \u201cGelece\u011fe Nefes\u201d Hareketine Destek\"}]},{\"@type\":\"WebSite\",\"@id\":\"https:\/\/ticaret.edu.tr\/saglik-kultur-ve-spor-daire-baskanligi\/#website\",\"url\":\"https:\/\/ticaret.edu.tr\/saglik-kultur-ve-spor-daire-baskanligi\/\",\"name\":\"Sa\u011fl\u0131k K\u00fclt\u00fcr ve Spor Daire Ba\u015fkanl\u0131\u011f\u0131\",\"description\":\"\",\"potentialAction\":[{\"@type\":\"SearchAction\",\"target\":{\"@type\":\"EntryPoint\",\"urlTemplate\":\"https:\/\/ticaret.edu.tr\/saglik-kultur-ve-spor-daire-baskanligi\/?s={search_term_string}\"},\"query-input\":\"required name=search_term_string\"}],\"inLanguage\":\"tr\"},{\"@type\":\"Person\",\"@id\":\"https:\/\/ticaret.edu.tr\/saglik-kultur-ve-spor-daire-baskanligi\/#\/schema\/person\/be8b7c5b8bca80d4fb445a136c0ad648\",\"name\":\"hnozdemir\",\"image\":{\"@type\":\"ImageObject\",\"inLanguage\":\"tr\",\"@id\":\"https:\/\/ticaret.edu.tr\/saglik-kultur-ve-spor-daire-baskanligi\/#\/schema\/person\/image\/\",\"url\":\"http:\/\/1.gravatar.com\/avatar\/48202b8a113265f56942c5e7b6255fe0?s=96&d=mm&r=g\",\"contentUrl\":\"http:\/\/1.gravatar.com\/avatar\/48202b8a113265f56942c5e7b6255fe0?s=96&d=mm&r=g\",\"caption\":\"hnozdemir\"},\"url\":\"http:\/\/ticaret.edu.tr\/saglik-kultur-ve-spor-daire-baskanligi\/author\/hnozdemir\/\"}]}<\/script>\n<!-- \/ Yoast SEO Premium plugin. -->","yoast_head_json":{"title":"\u00dcniversitemizden \u201cGelece\u011fe Nefes\u201d Hareketine Destek - Haberler - Sa\u011fl\u0131k K\u00fclt\u00fcr ve Spor Daire Ba\u015fkanl\u0131\u011f\u0131","robots":{"index":"index","follow":"follow","max-snippet":"max-snippet:-1","max-image-preview":"max-image-preview:large","max-video-preview":"max-video-preview:-1"},"canonical":"https:\/\/ticaret.edu.tr\/saglik-kultur-ve-spor-daire-baskanligi\/2026\/01\/12\/universitemizden-gelecege-nefes-hareketine-destek\/","og_locale":"tr_TR","og_type":"article","og_title":"\u00dcniversitemizden \u201cGelece\u011fe Nefes\u201d Hareketine Destek","og_description":"\u0130stanbul Ticaret \u00dcniversitesi, 11 Kas\u0131m Milli A\u011fa\u00e7land\u0131rma G\u00fcn\u00fc kapsam\u0131nda Belgrad Orman\u0131\u2019nda d\u00fczenlenen fidan dikim etkinli\u011fine \u00f6\u011frencileri ve personeliyle kat\u0131l\u0131m sa\u011flad\u0131. SKS Daire Ba\u015fkanl\u0131\u011f\u0131 ve K\u0131z\u0131lay ile Kariyer ve Geli\u015fim Toplulu\u011fu i\u015f birli\u011fiyle ger\u00e7ekle\u015ftirilen etkinlikte, \u00e7evre bilinci ve s\u00fcrd\u00fcr\u00fclebilirlik fark\u0131ndal\u0131\u011f\u0131n\u0131n g\u00fc\u00e7lendirilmesi hedeflendi. Tar\u0131m ve Orman Bakanl\u0131\u011f\u0131 Orman Genel M\u00fcd\u00fcrl\u00fc\u011f\u00fc koordinasyonunda \u00fclke genelinde d\u00fczenlenen 11 Kas\u0131m Milli [&hellip;]","og_url":"https:\/\/ticaret.edu.tr\/saglik-kultur-ve-spor-daire-baskanligi\/2026\/01\/12\/universitemizden-gelecege-nefes-hareketine-destek\/","og_site_name":"Sa\u011fl\u0131k K\u00fclt\u00fcr ve Spor Daire Ba\u015fkanl\u0131\u011f\u0131","article_publisher":"https:\/\/www.facebook.com\/ticaretedutr","article_published_time":"2026-01-12T08:18:23+00:00","article_modified_time":"2026-01-30T08:43:09+00:00","og_image":[{"width":1600,"height":1200,"url":"https:\/\/ticaret.edu.tr\/saglik-kultur-ve-spor-daire-baskanligi\/wp-content\/uploads\/sites\/32\/2026\/01\/1-1-donusturuldugu-kaynak-webp.jpeg","type":"image\/jpeg"}],"author":"hnozdemir","twitter_card":"summary_large_image","twitter_creator":"@ticaretedutr","twitter_site":"@ticaretedutr","twitter_misc":{"Yazan:":"hnozdemir","Tahmini okuma s\u00fcresi":"3 dakika"},"schema":{"@context":"https:\/\/schema.org","@graph":[{"@type":"WebPage","@id":"https:\/\/ticaret.edu.tr\/saglik-kultur-ve-spor-daire-baskanligi\/2026\/01\/12\/universitemizden-gelecege-nefes-hareketine-destek\/","url":"https:\/\/ticaret.edu.tr\/saglik-kultur-ve-spor-daire-baskanligi\/2026\/01\/12\/universitemizden-gelecege-nefes-hareketine-destek\/","name":"\u00dcniversitemizden \u201cGelece\u011fe Nefes\u201d Hareketine Destek - Haberler - Sa\u011fl\u0131k K\u00fclt\u00fcr ve Spor Daire Ba\u015fkanl\u0131\u011f\u0131","isPartOf":{"@id":"https:\/\/ticaret.edu.tr\/saglik-kultur-ve-spor-daire-baskanligi\/#website"},"datePublished":"2026-01-12T08:18:23+00:00","dateModified":"2026-01-30T08:43:09+00:00","author":{"@id":"https:\/\/ticaret.edu.tr\/saglik-kultur-ve-spor-daire-baskanligi\/#\/schema\/person\/be8b7c5b8bca80d4fb445a136c0ad648"},"breadcrumb":{"@id":"https:\/\/ticaret.edu.tr\/saglik-kultur-ve-spor-daire-baskanligi\/2026\/01\/12\/universitemizden-gelecege-nefes-hareketine-destek\/#breadcrumb"},"inLanguage":"tr","potentialAction":[{"@type":"ReadAction","target":["https:\/\/ticaret.edu.tr\/saglik-kultur-ve-spor-daire-baskanligi\/2026\/01\/12\/universitemizden-gelecege-nefes-hareketine-destek\/"]}]},{"@type":"BreadcrumbList","@id":"https:\/\/ticaret.edu.tr\/saglik-kultur-ve-spor-daire-baskanligi\/2026\/01\/12\/universitemizden-gelecege-nefes-hareketine-destek\/#breadcrumb","itemListElement":[{"@type":"ListItem","position":1,"name":"Ana sayfa","item":"https:\/\/ticaret.edu.tr\/saglik-kultur-ve-spor-daire-baskanligi\/"},{"@type":"ListItem","position":2,"name":"\u00dcniversitemizden \u201cGelece\u011fe Nefes\u201d Hareketine Destek"}]},{"@type":"WebSite","@id":"https:\/\/ticaret.edu.tr\/saglik-kultur-ve-spor-daire-baskanligi\/#website","url":"https:\/\/ticaret.edu.tr\/saglik-kultur-ve-spor-daire-baskanligi\/","name":"Sa\u011fl\u0131k K\u00fclt\u00fcr ve Spor Daire Ba\u015fkanl\u0131\u011f\u0131","description":"","potentialAction":[{"@type":"SearchAction","target":{"@type":"EntryPoint","urlTemplate":"https:\/\/ticaret.edu.tr\/saglik-kultur-ve-spor-daire-baskanligi\/?s={search_term_string}"},"query-input":"required name=search_term_string"}],"inLanguage":"tr"},{"@type":"Person","@id":"https:\/\/ticaret.edu.tr\/saglik-kultur-ve-spor-daire-baskanligi\/#\/schema\/person\/be8b7c5b8bca80d4fb445a136c0ad648","name":"hnozdemir","image":{"@type":"ImageObject","inLanguage":"tr","@id":"https:\/\/ticaret.edu.tr\/saglik-kultur-ve-spor-daire-baskanligi\/#\/schema\/person\/image\/","url":"http:\/\/1.gravatar.com\/avatar\/48202b8a113265f56942c5e7b6255fe0?s=96&d=mm&r=g","contentUrl":"http:\/\/1.gravatar.com\/avatar\/48202b8a113265f56942c5e7b6255fe0?s=96&d=mm&r=g","caption":"hnozdemir"},"url":"http:\/\/ticaret.edu.tr\/saglik-kultur-ve-spor-daire-baskanligi\/author\/hnozdemir\/"}]}},"lang":"tr","translations":{"tr":1235},"pll_sync_post":[],"_links":{"self":[{"href":"http:\/\/ticaret.edu.tr\/saglik-kultur-ve-spor-daire-baskanligi\/wp-json\/wp\/v2\/posts\/1235"}],"collection":[{"href":"http:\/\/ticaret.edu.tr\/saglik-kultur-ve-spor-daire-baskanligi\/wp-json\/wp\/v2\/posts"}],"about":[{"href":"http:\/\/ticaret.edu.tr\/saglik-kultur-ve-spor-daire-baskanligi\/wp-json\/wp\/v2\/types\/post"}],"author":[{"embeddable":true,"href":"http:\/\/ticaret.edu.tr\/saglik-kultur-ve-spor-daire-baskanligi\/wp-json\/wp\/v2\/users\/242"}],"replies":[{"embeddable":true,"href":"http:\/\/ticaret.edu.tr\/saglik-kultur-ve-spor-daire-baskanligi\/wp-json\/wp\/v2\/comments?post=1235"}],"version-history":[{"count":1,"href":"http:\/\/ticaret.edu.tr\/saglik-kultur-ve-spor-daire-baskanligi\/wp-json\/wp\/v2\/posts\/1235\/revisions"}],"predecessor-version":[{"id":1237,"href":"http:\/\/ticaret.edu.tr\/saglik-kultur-ve-spor-daire-baskanligi\/wp-json\/wp\/v2\/posts\/1235\/revisions\/1237"}],"wp:featuredmedia":[{"embeddable":true,"href":"http:\/\/ticaret.edu.tr\/saglik-kultur-ve-spor-daire-baskanligi\/wp-json\/wp\/v2\/media\/1236"}],"wp:attachment":[{"href":"http:\/\/ticaret.edu.tr\/saglik-kultur-ve-spor-daire-baskanligi\/wp-json\/wp\/v2\/media?parent=1235"}],"wp:term":[{"taxonomy":"category","embeddable":true,"href":"http:\/\/ticaret.edu.tr\/saglik-kultur-ve-spor-daire-baskanligi\/wp-json\/wp\/v2\/categories?post=1235"},{"taxonomy":"post_tag","embeddable":true,"href":"http:\/\/ticaret.edu.tr\/saglik-kultur-ve-spor-daire-baskanligi\/wp-json\/wp\/v2\/tags?post=1235"}],"curies":[{"name":"wp","href":"https:\/\/api.w.org\/{rel}","templated":true}]}}