{"id":1238,"date":"2025-11-28T11:20:04","date_gmt":"2025-11-28T08:20:04","guid":{"rendered":"https:\/\/ticaret.edu.tr\/saglik-kultur-ve-spor-daire-baskanligi\/?p=1238"},"modified":"2026-01-30T11:44:14","modified_gmt":"2026-01-30T08:44:14","slug":"universitemiz-tusf-koordinasyon-toplantisinda-temsil-edildi","status":"publish","type":"post","link":"http:\/\/ticaret.edu.tr\/saglik-kultur-ve-spor-daire-baskanligi\/2025\/11\/28\/universitemiz-tusf-koordinasyon-toplantisinda-temsil-edildi\/","title":{"rendered":"\u00dcniversitemiz, T\u00dcSF Koordinasyon Toplant\u0131s\u0131nda Temsil Edildi"},"content":{"rendered":"<p><strong>T\u00fcrkiye \u00dcniversite Sporlar\u0131 Federasyonu (T\u00dcSF) taraf\u0131ndan d\u00fczenlenen Koordinasyon Toplant\u0131s\u0131, \u00fcniversite sporlar\u0131nda yeni d\u00f6nem planlamalar\u0131n\u0131 de\u011ferlendirmek \u00fczere Antalya\u2019da yap\u0131ld\u0131. \u0130stanbul Ticaret \u00dcniversitesi SKS Daire Ba\u015fkan\u0131 Kaan Fidan\u2019\u0131n da kat\u0131ld\u0131\u011f\u0131 toplant\u0131da spor ekosisteminin g\u00fc\u00e7lendirilmesine y\u00f6nelik \u00e7al\u0131\u015fmalar ele al\u0131nd\u0131.<\/strong><\/p>\n<p><img loading=\"lazy\" decoding=\"async\" class=\"alignnone wp-image-53870 size-large\" src=\"https:\/\/ticaret.edu.tr\/wp-content\/uploads\/2025\/11\/WhatsApp-Gorsel-2025-11-19-saat-11.49.29_99702c14-1024x683.jpg\" alt=\"\" width=\"1024\" height=\"683\" \/><\/p>\n<p>T\u00dcSF taraf\u0131ndan d\u00fczenlenen Koordinasyon Toplant\u0131s\u0131, 12\u201314 Kas\u0131m 2025 tarihlerinde Antalya\u2019da ger\u00e7ekle\u015ftirildi. Federasyon yetkilileri, \u00fcniversite temsilcileri ve ilgili payda\u015flar\u0131n kat\u0131ld\u0131\u011f\u0131 toplant\u0131ya \u00dcniversitemizi temsilen Sa\u011fl\u0131k, K\u00fclt\u00fcr ve Spor (SKS) Daire Ba\u015fkan\u0131 Kaan Fidan da kat\u0131ld\u0131. Toplant\u0131da, \u00fcniversite sporlar\u0131nda yeni d\u00f6nem hedefleri, i\u015f birlikleri ve spor ekosisteminin g\u00fc\u00e7lendirilmesine y\u00f6nelik \u00e7al\u0131\u015fmalar ele al\u0131nd\u0131.<\/p>\n<p><img loading=\"lazy\" decoding=\"async\" class=\"alignnone wp-image-53868 size-large\" src=\"https:\/\/ticaret.edu.tr\/wp-content\/uploads\/2025\/11\/WhatsApp-Gorsel-2025-11-19-saat-11.49.28_10469a4c-1024x683.jpg\" alt=\"\" width=\"1024\" height=\"683\" \/><\/p>\n<p><strong>T\u00dcSF BA\u015eKANI PROF. DR. MUTLU T\u00dcRKMEN YEN\u0130 D\u00d6NEM\u0130N V\u0130ZYONUNU PAYLA\u015eTI<\/strong><\/p>\n<p>Program, g\u00fcndem takdimi ve federasyonun faaliyet videosunun g\u00f6sterimiyle ba\u015flad\u0131. Ard\u0131ndan T\u00dcSF Ba\u015fkan\u0131 Prof. Dr. Mutlu T\u00fcrkmen, \u00fcniversite sporlar\u0131n\u0131n geli\u015fimi i\u00e7in y\u00fcr\u00fct\u00fclen \u00e7al\u0131\u015fmalar\u0131 ve federasyonun genel vizyonunu aktard\u0131. Prof. Dr. T\u00fcrkmen, gen\u00e7lere daha nitelikli spor imk\u00e2nlar\u0131 sunulmas\u0131n\u0131n, kamp\u00fcslerde spor k\u00fclt\u00fcr\u00fcn\u00fcn g\u00fc\u00e7lendirilmesinin ve \u201cSpor Dostu Kamp\u00fcs Projesi\u201dnin bu vizyonun temel ad\u0131mlar\u0131ndan biri oldu\u011funu ifade etti.<\/p>\n<p><img loading=\"lazy\" decoding=\"async\" class=\"alignnone wp-image-53871 size-large\" src=\"https:\/\/ticaret.edu.tr\/wp-content\/uploads\/2025\/11\/YENI-1024x643.jpg\" alt=\"\" width=\"1024\" height=\"643\" \/><\/p>\n<p><strong>ALTYAPI, TAKV\u0130M VE G\u00d6N\u00dcLL\u00dcL\u00dcK S\u0130STEM\u0130 G\u00d6R\u00dc\u015e\u00dcLD\u00dc<\/strong><\/p>\n<p>Toplant\u0131n\u0131n ilk g\u00fcn\u00fcnde \u00fcniversitelerin spor altyap\u0131lar\u0131n\u0131n g\u00fcncellenmesi, etkinlik takvimlerinin planlanmas\u0131 ve g\u00f6n\u00fcll\u00fcl\u00fck sisteminin kapsam\u0131n\u0131n geni\u015fletilmesi \u00fczerine de\u011ferlendirmeler yap\u0131ld\u0131. Kat\u0131l\u0131mc\u0131lar, \u00fcniversite sporlar\u0131nda daha kapsay\u0131c\u0131 ve s\u00fcrd\u00fcr\u00fclebilir bir yap\u0131n\u0131n olu\u015fturulmas\u0131 ad\u0131na g\u00f6r\u00fc\u015f al\u0131\u015fveri\u015finde bulundu. Toplant\u0131n\u0131n ikinci g\u00fcn\u00fcnde bilgilendirme ve de\u011ferlendirme oturumlar\u0131 ger\u00e7ekle\u015ftirildi. Yeni d\u00f6nem hedeflerinin de\u011ferlendirilmesinin ard\u0131ndan toplant\u0131, kapan\u0131\u015f konu\u015fmalar\u0131yla sona erdi.<\/p>\n<p>&nbsp;<\/p>\n<p>&nbsp;<\/p>\n","protected":false},"excerpt":{"rendered":"<p>T\u00fcrkiye \u00dcniversite Sporlar\u0131 Federasyonu (T\u00dcSF) taraf\u0131ndan d\u00fczenlenen Koordinasyon Toplant\u0131s\u0131, \u00fcniversite sporlar\u0131nda yeni d\u00f6nem planlamalar\u0131n\u0131 de\u011ferlendirmek \u00fczere Antalya\u2019da yap\u0131ld\u0131. \u0130stanbul Ticaret \u00dcniversitesi SKS Daire Ba\u015fkan\u0131 Kaan Fidan\u2019\u0131n da kat\u0131ld\u0131\u011f\u0131 toplant\u0131da spor ekosisteminin g\u00fc\u00e7lendirilmesine y\u00f6nelik \u00e7al\u0131\u015fmalar ele al\u0131nd\u0131. T\u00dcSF taraf\u0131ndan d\u00fczenlenen Koordinasyon Toplant\u0131s\u0131, 12\u201314 Kas\u0131m 2025 tarihlerinde Antalya\u2019da ger\u00e7ekle\u015ftirildi. Federasyon yetkilileri, \u00fcniversite temsilcileri ve ilgili payda\u015flar\u0131n kat\u0131ld\u0131\u011f\u0131 [&hellip;]<\/p>\n","protected":false},"author":242,"featured_media":1239,"comment_status":"closed","ping_status":"closed","sticky":false,"template":"","format":"standard","meta":{"footnotes":""},"categories":[30],"tags":[],"yoast_head":"<!-- This site is optimized with the Yoast SEO Premium plugin v22.1 (Yoast SEO v22.1) - https:\/\/yoast.com\/wordpress\/plugins\/seo\/ -->\n<title>\u00dcniversitemiz, T\u00dcSF Koordinasyon Toplant\u0131s\u0131nda Temsil Edildi - Haberler - Sa\u011fl\u0131k K\u00fclt\u00fcr ve Spor Daire Ba\u015fkanl\u0131\u011f\u0131<\/title>\n<meta name=\"robots\" content=\"index, follow, max-snippet:-1, max-image-preview:large, max-video-preview:-1\" \/>\n<link rel=\"canonical\" href=\"https:\/\/ticaret.edu.tr\/saglik-kultur-ve-spor-daire-baskanligi\/2025\/11\/28\/universitemiz-tusf-koordinasyon-toplantisinda-temsil-edildi\/\" \/>\n<meta property=\"og:locale\" content=\"tr_TR\" \/>\n<meta property=\"og:type\" content=\"article\" \/>\n<meta property=\"og:title\" content=\"\u00dcniversitemiz, T\u00dcSF Koordinasyon Toplant\u0131s\u0131nda Temsil Edildi\" \/>\n<meta property=\"og:description\" content=\"T\u00fcrkiye \u00dcniversite Sporlar\u0131 Federasyonu (T\u00dcSF) taraf\u0131ndan d\u00fczenlenen Koordinasyon Toplant\u0131s\u0131, \u00fcniversite sporlar\u0131nda yeni d\u00f6nem planlamalar\u0131n\u0131 de\u011ferlendirmek \u00fczere Antalya\u2019da yap\u0131ld\u0131. \u0130stanbul Ticaret \u00dcniversitesi SKS Daire Ba\u015fkan\u0131 Kaan Fidan\u2019\u0131n da kat\u0131ld\u0131\u011f\u0131 toplant\u0131da spor ekosisteminin g\u00fc\u00e7lendirilmesine y\u00f6nelik \u00e7al\u0131\u015fmalar ele al\u0131nd\u0131. T\u00dcSF taraf\u0131ndan d\u00fczenlenen Koordinasyon Toplant\u0131s\u0131, 12\u201314 Kas\u0131m 2025 tarihlerinde Antalya\u2019da ger\u00e7ekle\u015ftirildi. Federasyon yetkilileri, \u00fcniversite temsilcileri ve ilgili payda\u015flar\u0131n kat\u0131ld\u0131\u011f\u0131 [&hellip;]\" \/>\n<meta property=\"og:url\" content=\"https:\/\/ticaret.edu.tr\/saglik-kultur-ve-spor-daire-baskanligi\/2025\/11\/28\/universitemiz-tusf-koordinasyon-toplantisinda-temsil-edildi\/\" \/>\n<meta property=\"og:site_name\" content=\"Sa\u011fl\u0131k K\u00fclt\u00fcr ve Spor Daire Ba\u015fkanl\u0131\u011f\u0131\" \/>\n<meta property=\"article:publisher\" content=\"https:\/\/www.facebook.com\/ticaretedutr\" \/>\n<meta property=\"article:published_time\" content=\"2025-11-28T08:20:04+00:00\" \/>\n<meta property=\"article:modified_time\" content=\"2026-01-30T08:44:14+00:00\" \/>\n<meta property=\"og:image\" content=\"https:\/\/ticaret.edu.tr\/saglik-kultur-ve-spor-daire-baskanligi\/wp-content\/uploads\/sites\/32\/2026\/01\/WhatsApp-Gorsel-2025-11-19-saat-11.49.29_99702c14-donusturuldugu-kaynak-webp.jpeg\" \/>\n\t<meta property=\"og:image:width\" content=\"2048\" \/>\n\t<meta property=\"og:image:height\" content=\"1366\" \/>\n\t<meta property=\"og:image:type\" content=\"image\/jpeg\" \/>\n<meta name=\"author\" content=\"hnozdemir\" \/>\n<meta name=\"twitter:card\" content=\"summary_large_image\" \/>\n<meta name=\"twitter:creator\" content=\"@ticaretedutr\" \/>\n<meta name=\"twitter:site\" content=\"@ticaretedutr\" \/>\n<meta name=\"twitter:label1\" content=\"Yazan:\" \/>\n\t<meta name=\"twitter:data1\" content=\"hnozdemir\" \/>\n\t<meta name=\"twitter:label2\" content=\"Tahmini okuma s\u00fcresi\" \/>\n\t<meta name=\"twitter:data2\" content=\"3 dakika\" \/>\n<script type=\"application\/ld+json\" class=\"yoast-schema-graph\">{\"@context\":\"https:\/\/schema.org\",\"@graph\":[{\"@type\":\"WebPage\",\"@id\":\"https:\/\/ticaret.edu.tr\/saglik-kultur-ve-spor-daire-baskanligi\/2025\/11\/28\/universitemiz-tusf-koordinasyon-toplantisinda-temsil-edildi\/\",\"url\":\"https:\/\/ticaret.edu.tr\/saglik-kultur-ve-spor-daire-baskanligi\/2025\/11\/28\/universitemiz-tusf-koordinasyon-toplantisinda-temsil-edildi\/\",\"name\":\"\u00dcniversitemiz, T\u00dcSF Koordinasyon Toplant\u0131s\u0131nda Temsil Edildi - Haberler - Sa\u011fl\u0131k K\u00fclt\u00fcr ve Spor Daire Ba\u015fkanl\u0131\u011f\u0131\",\"isPartOf\":{\"@id\":\"https:\/\/ticaret.edu.tr\/saglik-kultur-ve-spor-daire-baskanligi\/#website\"},\"datePublished\":\"2025-11-28T08:20:04+00:00\",\"dateModified\":\"2026-01-30T08:44:14+00:00\",\"author\":{\"@id\":\"https:\/\/ticaret.edu.tr\/saglik-kultur-ve-spor-daire-baskanligi\/#\/schema\/person\/be8b7c5b8bca80d4fb445a136c0ad648\"},\"breadcrumb\":{\"@id\":\"https:\/\/ticaret.edu.tr\/saglik-kultur-ve-spor-daire-baskanligi\/2025\/11\/28\/universitemiz-tusf-koordinasyon-toplantisinda-temsil-edildi\/#breadcrumb\"},\"inLanguage\":\"tr\",\"potentialAction\":[{\"@type\":\"ReadAction\",\"target\":[\"https:\/\/ticaret.edu.tr\/saglik-kultur-ve-spor-daire-baskanligi\/2025\/11\/28\/universitemiz-tusf-koordinasyon-toplantisinda-temsil-edildi\/\"]}]},{\"@type\":\"BreadcrumbList\",\"@id\":\"https:\/\/ticaret.edu.tr\/saglik-kultur-ve-spor-daire-baskanligi\/2025\/11\/28\/universitemiz-tusf-koordinasyon-toplantisinda-temsil-edildi\/#breadcrumb\",\"itemListElement\":[{\"@type\":\"ListItem\",\"position\":1,\"name\":\"Ana sayfa\",\"item\":\"https:\/\/ticaret.edu.tr\/saglik-kultur-ve-spor-daire-baskanligi\/\"},{\"@type\":\"ListItem\",\"position\":2,\"name\":\"\u00dcniversitemiz, T\u00dcSF Koordinasyon Toplant\u0131s\u0131nda Temsil Edildi\"}]},{\"@type\":\"WebSite\",\"@id\":\"https:\/\/ticaret.edu.tr\/saglik-kultur-ve-spor-daire-baskanligi\/#website\",\"url\":\"https:\/\/ticaret.edu.tr\/saglik-kultur-ve-spor-daire-baskanligi\/\",\"name\":\"Sa\u011fl\u0131k K\u00fclt\u00fcr ve Spor Daire Ba\u015fkanl\u0131\u011f\u0131\",\"description\":\"\",\"potentialAction\":[{\"@type\":\"SearchAction\",\"target\":{\"@type\":\"EntryPoint\",\"urlTemplate\":\"https:\/\/ticaret.edu.tr\/saglik-kultur-ve-spor-daire-baskanligi\/?s={search_term_string}\"},\"query-input\":\"required name=search_term_string\"}],\"inLanguage\":\"tr\"},{\"@type\":\"Person\",\"@id\":\"https:\/\/ticaret.edu.tr\/saglik-kultur-ve-spor-daire-baskanligi\/#\/schema\/person\/be8b7c5b8bca80d4fb445a136c0ad648\",\"name\":\"hnozdemir\",\"image\":{\"@type\":\"ImageObject\",\"inLanguage\":\"tr\",\"@id\":\"https:\/\/ticaret.edu.tr\/saglik-kultur-ve-spor-daire-baskanligi\/#\/schema\/person\/image\/\",\"url\":\"http:\/\/1.gravatar.com\/avatar\/48202b8a113265f56942c5e7b6255fe0?s=96&d=mm&r=g\",\"contentUrl\":\"http:\/\/1.gravatar.com\/avatar\/48202b8a113265f56942c5e7b6255fe0?s=96&d=mm&r=g\",\"caption\":\"hnozdemir\"},\"url\":\"http:\/\/ticaret.edu.tr\/saglik-kultur-ve-spor-daire-baskanligi\/author\/hnozdemir\/\"}]}<\/script>\n<!-- \/ Yoast SEO Premium plugin. -->","yoast_head_json":{"title":"\u00dcniversitemiz, T\u00dcSF Koordinasyon Toplant\u0131s\u0131nda Temsil Edildi - Haberler - Sa\u011fl\u0131k K\u00fclt\u00fcr ve Spor Daire Ba\u015fkanl\u0131\u011f\u0131","robots":{"index":"index","follow":"follow","max-snippet":"max-snippet:-1","max-image-preview":"max-image-preview:large","max-video-preview":"max-video-preview:-1"},"canonical":"https:\/\/ticaret.edu.tr\/saglik-kultur-ve-spor-daire-baskanligi\/2025\/11\/28\/universitemiz-tusf-koordinasyon-toplantisinda-temsil-edildi\/","og_locale":"tr_TR","og_type":"article","og_title":"\u00dcniversitemiz, T\u00dcSF Koordinasyon Toplant\u0131s\u0131nda Temsil Edildi","og_description":"T\u00fcrkiye \u00dcniversite Sporlar\u0131 Federasyonu (T\u00dcSF) taraf\u0131ndan d\u00fczenlenen Koordinasyon Toplant\u0131s\u0131, \u00fcniversite sporlar\u0131nda yeni d\u00f6nem planlamalar\u0131n\u0131 de\u011ferlendirmek \u00fczere Antalya\u2019da yap\u0131ld\u0131. \u0130stanbul Ticaret \u00dcniversitesi SKS Daire Ba\u015fkan\u0131 Kaan Fidan\u2019\u0131n da kat\u0131ld\u0131\u011f\u0131 toplant\u0131da spor ekosisteminin g\u00fc\u00e7lendirilmesine y\u00f6nelik \u00e7al\u0131\u015fmalar ele al\u0131nd\u0131. T\u00dcSF taraf\u0131ndan d\u00fczenlenen Koordinasyon Toplant\u0131s\u0131, 12\u201314 Kas\u0131m 2025 tarihlerinde Antalya\u2019da ger\u00e7ekle\u015ftirildi. Federasyon yetkilileri, \u00fcniversite temsilcileri ve ilgili payda\u015flar\u0131n kat\u0131ld\u0131\u011f\u0131 [&hellip;]","og_url":"https:\/\/ticaret.edu.tr\/saglik-kultur-ve-spor-daire-baskanligi\/2025\/11\/28\/universitemiz-tusf-koordinasyon-toplantisinda-temsil-edildi\/","og_site_name":"Sa\u011fl\u0131k K\u00fclt\u00fcr ve Spor Daire Ba\u015fkanl\u0131\u011f\u0131","article_publisher":"https:\/\/www.facebook.com\/ticaretedutr","article_published_time":"2025-11-28T08:20:04+00:00","article_modified_time":"2026-01-30T08:44:14+00:00","og_image":[{"width":2048,"height":1366,"url":"https:\/\/ticaret.edu.tr\/saglik-kultur-ve-spor-daire-baskanligi\/wp-content\/uploads\/sites\/32\/2026\/01\/WhatsApp-Gorsel-2025-11-19-saat-11.49.29_99702c14-donusturuldugu-kaynak-webp.jpeg","type":"image\/jpeg"}],"author":"hnozdemir","twitter_card":"summary_large_image","twitter_creator":"@ticaretedutr","twitter_site":"@ticaretedutr","twitter_misc":{"Yazan:":"hnozdemir","Tahmini okuma s\u00fcresi":"3 dakika"},"schema":{"@context":"https:\/\/schema.org","@graph":[{"@type":"WebPage","@id":"https:\/\/ticaret.edu.tr\/saglik-kultur-ve-spor-daire-baskanligi\/2025\/11\/28\/universitemiz-tusf-koordinasyon-toplantisinda-temsil-edildi\/","url":"https:\/\/ticaret.edu.tr\/saglik-kultur-ve-spor-daire-baskanligi\/2025\/11\/28\/universitemiz-tusf-koordinasyon-toplantisinda-temsil-edildi\/","name":"\u00dcniversitemiz, T\u00dcSF Koordinasyon Toplant\u0131s\u0131nda Temsil Edildi - Haberler - Sa\u011fl\u0131k K\u00fclt\u00fcr ve Spor Daire Ba\u015fkanl\u0131\u011f\u0131","isPartOf":{"@id":"https:\/\/ticaret.edu.tr\/saglik-kultur-ve-spor-daire-baskanligi\/#website"},"datePublished":"2025-11-28T08:20:04+00:00","dateModified":"2026-01-30T08:44:14+00:00","author":{"@id":"https:\/\/ticaret.edu.tr\/saglik-kultur-ve-spor-daire-baskanligi\/#\/schema\/person\/be8b7c5b8bca80d4fb445a136c0ad648"},"breadcrumb":{"@id":"https:\/\/ticaret.edu.tr\/saglik-kultur-ve-spor-daire-baskanligi\/2025\/11\/28\/universitemiz-tusf-koordinasyon-toplantisinda-temsil-edildi\/#breadcrumb"},"inLanguage":"tr","potentialAction":[{"@type":"ReadAction","target":["https:\/\/ticaret.edu.tr\/saglik-kultur-ve-spor-daire-baskanligi\/2025\/11\/28\/universitemiz-tusf-koordinasyon-toplantisinda-temsil-edildi\/"]}]},{"@type":"BreadcrumbList","@id":"https:\/\/ticaret.edu.tr\/saglik-kultur-ve-spor-daire-baskanligi\/2025\/11\/28\/universitemiz-tusf-koordinasyon-toplantisinda-temsil-edildi\/#breadcrumb","itemListElement":[{"@type":"ListItem","position":1,"name":"Ana sayfa","item":"https:\/\/ticaret.edu.tr\/saglik-kultur-ve-spor-daire-baskanligi\/"},{"@type":"ListItem","position":2,"name":"\u00dcniversitemiz, T\u00dcSF Koordinasyon Toplant\u0131s\u0131nda Temsil Edildi"}]},{"@type":"WebSite","@id":"https:\/\/ticaret.edu.tr\/saglik-kultur-ve-spor-daire-baskanligi\/#website","url":"https:\/\/ticaret.edu.tr\/saglik-kultur-ve-spor-daire-baskanligi\/","name":"Sa\u011fl\u0131k K\u00fclt\u00fcr ve Spor Daire Ba\u015fkanl\u0131\u011f\u0131","description":"","potentialAction":[{"@type":"SearchAction","target":{"@type":"EntryPoint","urlTemplate":"https:\/\/ticaret.edu.tr\/saglik-kultur-ve-spor-daire-baskanligi\/?s={search_term_string}"},"query-input":"required name=search_term_string"}],"inLanguage":"tr"},{"@type":"Person","@id":"https:\/\/ticaret.edu.tr\/saglik-kultur-ve-spor-daire-baskanligi\/#\/schema\/person\/be8b7c5b8bca80d4fb445a136c0ad648","name":"hnozdemir","image":{"@type":"ImageObject","inLanguage":"tr","@id":"https:\/\/ticaret.edu.tr\/saglik-kultur-ve-spor-daire-baskanligi\/#\/schema\/person\/image\/","url":"http:\/\/1.gravatar.com\/avatar\/48202b8a113265f56942c5e7b6255fe0?s=96&d=mm&r=g","contentUrl":"http:\/\/1.gravatar.com\/avatar\/48202b8a113265f56942c5e7b6255fe0?s=96&d=mm&r=g","caption":"hnozdemir"},"url":"http:\/\/ticaret.edu.tr\/saglik-kultur-ve-spor-daire-baskanligi\/author\/hnozdemir\/"}]}},"lang":"tr","translations":{"tr":1238},"pll_sync_post":[],"_links":{"self":[{"href":"http:\/\/ticaret.edu.tr\/saglik-kultur-ve-spor-daire-baskanligi\/wp-json\/wp\/v2\/posts\/1238"}],"collection":[{"href":"http:\/\/ticaret.edu.tr\/saglik-kultur-ve-spor-daire-baskanligi\/wp-json\/wp\/v2\/posts"}],"about":[{"href":"http:\/\/ticaret.edu.tr\/saglik-kultur-ve-spor-daire-baskanligi\/wp-json\/wp\/v2\/types\/post"}],"author":[{"embeddable":true,"href":"http:\/\/ticaret.edu.tr\/saglik-kultur-ve-spor-daire-baskanligi\/wp-json\/wp\/v2\/users\/242"}],"replies":[{"embeddable":true,"href":"http:\/\/ticaret.edu.tr\/saglik-kultur-ve-spor-daire-baskanligi\/wp-json\/wp\/v2\/comments?post=1238"}],"version-history":[{"count":1,"href":"http:\/\/ticaret.edu.tr\/saglik-kultur-ve-spor-daire-baskanligi\/wp-json\/wp\/v2\/posts\/1238\/revisions"}],"predecessor-version":[{"id":1240,"href":"http:\/\/ticaret.edu.tr\/saglik-kultur-ve-spor-daire-baskanligi\/wp-json\/wp\/v2\/posts\/1238\/revisions\/1240"}],"wp:featuredmedia":[{"embeddable":true,"href":"http:\/\/ticaret.edu.tr\/saglik-kultur-ve-spor-daire-baskanligi\/wp-json\/wp\/v2\/media\/1239"}],"wp:attachment":[{"href":"http:\/\/ticaret.edu.tr\/saglik-kultur-ve-spor-daire-baskanligi\/wp-json\/wp\/v2\/media?parent=1238"}],"wp:term":[{"taxonomy":"category","embeddable":true,"href":"http:\/\/ticaret.edu.tr\/saglik-kultur-ve-spor-daire-baskanligi\/wp-json\/wp\/v2\/categories?post=1238"},{"taxonomy":"post_tag","embeddable":true,"href":"http:\/\/ticaret.edu.tr\/saglik-kultur-ve-spor-daire-baskanligi\/wp-json\/wp\/v2\/tags?post=1238"}],"curies":[{"name":"wp","href":"https:\/\/api.w.org\/{rel}","templated":true}]}}