{"id":1252,"date":"2024-07-16T11:39:31","date_gmt":"2024-07-16T08:39:31","guid":{"rendered":"https:\/\/ticaret.edu.tr\/saglik-kultur-ve-spor-daire-baskanligi\/?p=1252"},"modified":"2026-01-30T11:41:28","modified_gmt":"2026-01-30T08:41:28","slug":"ticaret-fest-harika-etkinliklere-ev-sahipligi-yapti","status":"publish","type":"post","link":"http:\/\/ticaret.edu.tr\/saglik-kultur-ve-spor-daire-baskanligi\/2024\/07\/16\/ticaret-fest-harika-etkinliklere-ev-sahipligi-yapti\/","title":{"rendered":"Ticaret Fest harika etkinliklere ev sahipli\u011fi yapt\u0131"},"content":{"rendered":"<p class=\"s3\"><span class=\"s2\">Ticaret <\/span><span class=\"s2\">Fest<\/span> <span class=\"s2\">harika etkinliklere ev sahipli\u011fi yapt\u0131<\/span><\/p>\n<p class=\"s3\"><span class=\"s4\">\u0130stanbul Ticaret \u00dcniversitesi, bu y\u0131l da Ticaret <\/span><span class=\"s4\">Fest<\/span><span class=\"s4\"> etkinlikleriyle dolu <\/span><span class=\"s4\">dolu<\/span> <span class=\"s4\">zaman <\/span><span class=\"s4\">ge\u00e7irdi. Birbirinden renkli ve e\u011flenceli etkinliklere ev sahipli\u011fi yapan festivalde \u00f6\u011frenciler hem e\u011flendi hem de farkl\u0131 k\u00fclt\u00fcrleri tan\u0131ma f\u0131rsat\u0131 buldu.<\/span><\/p>\n<p class=\"s3\"><strong><span class=\"s5\">AFR\u0130KA G\u00dcN\u00dcNDE \u00d6\u011eRENC\u0130LER FARKLI K\u00dcLT\u00dcRLER\u0130 TANIDILAR<\/span><\/strong><\/p>\n<p class=\"s3\"><span class=\"s4\">Ticaret <\/span><span class=\"s4\">Fest<\/span><span class=\"s4\"> kapsam\u0131nda d\u00fczenlenen etkinliklerde Afrika G\u00fcn\u00fc co\u015fkuyla kutland\u0131. Renkli g\u00f6r\u00fcnt\u00fclere sahne olan bu etkinlikte \u00f6\u011frenciler, Afrika k\u00fclt\u00fcr\u00fcn\u00fc yak\u0131ndan tan\u0131ma f\u0131rsat\u0131 buldu. <\/span><a href=\"https:\/\/ticaret.edu.tr\/istanbul-ticaret-universitesinde-afrika-gunu-coskusu\/\"><span class=\"s6\">Ayr\u0131nt\u0131lar i\u00e7in t\u0131klay\u0131n<\/span><\/a><span class=\"s4\">.<\/span><\/p>\n<p><strong><span class=\"s7\">\u00d6\u011eRENC\u0130LERDEN KIZILAY\u2019A ANLAMLI BA\u011eI\u015e<\/span><\/strong><\/p>\n<p>\u0130stanbul Ticaret \u00dcniversitesi Gen\u00e7 K\u0131z\u0131lay\u00a0Toplulu\u011fu, K\u00fc\u00e7\u00fckyal\u0131 ve S\u00fctl\u00fcce Yerle\u015fkelerimizde anlaml\u0131 bir etkinli\u011fe imza att\u0131. K\u0131z\u0131lay \u00c7apa Kan Merkezi arac\u0131l\u0131\u011f\u0131yla\u00a021-22-23 May\u0131s tarihlerinde her iki yerle\u015fkemizde olu\u015fturulan kan ba\u011f\u0131\u015f\u0131 \u00e7ad\u0131rlar\u0131nda\u00a0200 \u00fcnitenin \u00fczerinde kan ba\u011f\u0131\u015f\u0131 yap\u0131ld\u0131. <a href=\"https:\/\/ticaret.edu.tr\/ticaretlilerden-anlamli-bagis\/\"><span class=\"s8\">Ayr\u0131nt\u0131lar i\u00e7in<\/span> <span class=\"s8\">t\u0131klay\u0131n<\/span><\/a>.<\/p>\n<p class=\"s3\"><strong><span class=\"s5\">K\u00dcLT\u00dcR G\u00dcN\u00dcNDE UNUTULMAZ ANLAR YA\u015eANDI<\/span><\/strong><\/p>\n<p class=\"s3\"><span class=\"s4\">Ticaret <\/span><span class=\"s4\">Fest&#8217;te<\/span><span class=\"s4\"> d\u00fczenlenen Uluslararas\u0131 K\u00fclt\u00fcr G\u00fcn\u00fc etkinli\u011fi, renkli g\u00f6r\u00fcnt\u00fclere sahne oldu. Farkl\u0131 \u00fclkelerden gelen \u00f6\u011frenciler kendi k\u00fclt\u00fcrlerini tan\u0131tt\u0131 ve \u00e7e\u015fitli etkinlikler d\u00fczenlendi. Festivalde \u00f6\u011frenciler i\u00e7in pilav ikram\u0131 da yap\u0131ld\u0131. Geleneksel lezzetler e\u015fli\u011finde kayna\u015fma ve sosyalle\u015fme f\u0131rsat\u0131 bulan \u00f6\u011frenciler, unutulmaz an\u0131lar biriktirdi. <\/span><a href=\"https:\/\/ticaret.edu.tr\/uluslararasi-kultur-gunu-renkli-goruntulere-sahne-oldu\/\"><span class=\"s6\">Ayr\u0131nt\u0131lar i\u00e7in t\u0131klay\u0131n<\/span><\/a><span class=\"s4\">.<\/span><\/p>\n<p class=\"s3\"><strong><span class=\"s5\">G\u0130R\u0130\u015e\u0130MC\u0130L\u0130K VE \u0130NOVASYONUN GELECE\u011e\u0130 \u015eEK\u0130LLEN\u0130YOR<\/span><\/strong><\/p>\n<p class=\"s3\"><span class=\"s4\">Festivalde ayr\u0131ca Giri\u015fimcilik ve \u0130novasyonun Gelece\u011fi konulu bir panel d\u00fczenlendi. Bilim ve i\u015f d\u00fcnyas\u0131n\u0131n \u00f6nemli isimlerini bir araya getiren 1. Uluslararas\u0131 Liderlik ve Giri\u015fimcilik Sempozyumu \u0130stanbul Ticaret \u00dcniversitesi\u2019nde ba\u015flad\u0131. Giri\u015fimcilik ve inovasyonun toplumsal ve ekonomik y\u00f6nlerinin masaya yat\u0131r\u0131ld\u0131\u011f\u0131, T\u00fcrkiye\u2019nin fikri m\u00fclkiyet alan\u0131ndaki at\u0131l\u0131mlar\u0131 ve gen\u00e7 n\u00fcfusunun potansiyelinin \u00f6ne \u00e7\u0131kt\u0131\u011f\u0131 sempozyumda yay\u0131nlanan bildiriler giri\u015fim d\u00fcnyas\u0131n\u0131n gelece\u011fine \u0131\u015f\u0131k tutacak.<\/span> <a href=\"https:\/\/ticaret.edu.tr\/istanbul-ticaret-universitesinde-girisimcilik-ve-inovasyonun-gelecegi-sekilleniyor\/\"><span class=\"s6\">A<\/span><span class=\"s6\">y<\/span><span class=\"s6\">r\u0131nt\u0131lar i\u00e7in t\u0131klay\u0131n<\/span><\/a><span class=\"s4\">.<\/span><\/p>\n<p class=\"s3\"><strong><span class=\"s5\">SANATIN DUAYENLER\u0130YLE S\u0130NEMA VE T\u0130YATRO S\u00d6YLE\u015e\u0130LER\u0130<\/span><\/strong><\/p>\n<p>Sanat\u0131n \u00f6nemli isimleri, festival kapsam\u0131nda d\u00fczenlenen sinema ve tiyatro s\u00f6yle\u015filerinde \u00f6\u011frencilerle bir araya geldi. S\u00f6yle\u015filerde, Ruhi Sar\u0131, \u015eirin Gedikli, Hakan Bilgin, Zihni\u00a0G\u00f6ktay, G\u00fcl\u015fah Erdur, \u015eahin Altu\u011f ve Da\u011fhan D\u00f6nmez gibi sanat d\u00fcnyas\u0131n\u0131n \u00f6nde gelen isimleri, sekt\u00f6rdeki deneyimlerini ve sanat yolculuklar\u0131n\u0131 \u00f6\u011frencilerle payla\u015ft\u0131. Bu s\u00f6yle\u015filerde \u00f6\u011frenciler, sanat\u00e7\u0131lardan tecr\u00fcbe ve bilgi edindiler. <a href=\"https:\/\/ticaret.edu.tr\/istanbul-ticaret-universitesinde-yildizlarla-dolu-sinema-ve-tiyatro-soylesileri\/\"><span class=\"s8\">Ayr\u0131nt\u0131lar i\u00e7in t\u0131klay\u0131n<\/span><\/a>.<\/p>\n<p><strong><span class=\"s7\">ZAFER \u00d6ZKAN \u00d6\u011eRENC\u0130LERE TECR\u00dcBELER\u0130N\u0130 PAYLA\u015eTI<\/span><\/strong><\/p>\n<p class=\"s3\"><span class=\"s4\">Yap\u0131mc\u0131 Zafer \u00d6zkan, festival kapsam\u0131nda \u00f6\u011frencilerle bir araya gelerek tecr\u00fcbelerini payla\u015ft\u0131. Bu s\u00f6yle\u015fi, \u00f6\u011frencilere ilham verici anlar ya\u015fatt\u0131. <\/span><a href=\"https:\/\/ticaret.edu.tr\/yapimci-zafer-ozkan-ogrencilere-tecrubelerini-paylasti\/\"><span class=\"s6\">Ayr\u0131nt\u0131lar i\u00e7in t\u0131klay\u0131n<\/span><\/a><span class=\"s4\">.<\/span><\/p>\n<p class=\"s3\"><strong><span class=\"s5\">ENGELS\u0130Z YA\u015eAM Z\u0130RVES\u0130NDE E\u015e\u0130TL\u0130K VE EMPAT\u0130 VURGUSU<\/span><\/strong><\/p>\n<p class=\"s3\"><span class=\"s4\">Festivalde d\u00fczenlenen Engelsiz Ya\u015fam Zirvesi&#8217;nde e\u015fitlik ve empati konular\u0131 vurguland\u0131. Zirvede, engelli bireylerin ya\u015famlar\u0131na dair \u00f6nemli mesajlar verildi. <\/span><a href=\"https:\/\/ticaret.edu.tr\/engelsiz-yasam-zirvesinde-esitlik-ve-empati-vurgusu-yapildi\/\"><span class=\"s6\">Ayr\u0131nt\u0131lar i\u00e7in t\u0131klay\u0131n<\/span><\/a><span class=\"s4\">.<\/span><\/p>\n<p class=\"s3\"><strong><span class=\"s5\">SPOR TURNUVALARINDA BA\u015eARILI OLAN SPORCULAR \u00d6D\u00dcLLEND\u0130R\u0130LD\u0130<\/span><\/strong><\/p>\n<p class=\"s3\"><span class=\"s4\">Festival kapsam\u0131nda d\u00fczenlenen spor turnuvalar\u0131nda ba\u015far\u0131l\u0131 olan sporcular \u00f6d\u00fcllendirildi. Sporcular, g\u00f6sterdikleri performanslarla izleyicilerden b\u00fcy\u00fck alk\u0131\u015f toplad\u0131. <\/span><a href=\"https:\/\/ticaret.edu.tr\/spor-turnuvalarimizda-basarili-olan-sporcular-odullendirildi\/\"><span class=\"s6\">Ayr\u0131nt\u0131lar i\u00e7in t\u0131klay\u0131n<\/span><\/a><span class=\"s4\">.<\/span><\/p>\n","protected":false},"excerpt":{"rendered":"<p>Ticaret Fest harika etkinliklere ev sahipli\u011fi yapt\u0131 \u0130stanbul Ticaret \u00dcniversitesi, bu y\u0131l da Ticaret Fest etkinlikleriyle dolu dolu zaman ge\u00e7irdi. Birbirinden renkli ve e\u011flenceli etkinliklere ev sahipli\u011fi yapan festivalde \u00f6\u011frenciler hem e\u011flendi hem de farkl\u0131 k\u00fclt\u00fcrleri tan\u0131ma f\u0131rsat\u0131 buldu. AFR\u0130KA G\u00dcN\u00dcNDE \u00d6\u011eRENC\u0130LER FARKLI K\u00dcLT\u00dcRLER\u0130 TANIDILAR Ticaret Fest kapsam\u0131nda d\u00fczenlenen etkinliklerde Afrika G\u00fcn\u00fc co\u015fkuyla kutland\u0131. Renkli [&hellip;]<\/p>\n","protected":false},"author":242,"featured_media":1253,"comment_status":"closed","ping_status":"closed","sticky":false,"template":"","format":"standard","meta":{"footnotes":""},"categories":[30],"tags":[],"yoast_head":"<!-- This site is optimized with the Yoast SEO Premium plugin v22.1 (Yoast SEO v22.1) - https:\/\/yoast.com\/wordpress\/plugins\/seo\/ -->\n<title>Ticaret Fest harika etkinliklere ev sahipli\u011fi yapt\u0131 - Haberler - Sa\u011fl\u0131k K\u00fclt\u00fcr ve Spor Daire Ba\u015fkanl\u0131\u011f\u0131<\/title>\n<meta name=\"robots\" content=\"index, follow, max-snippet:-1, max-image-preview:large, max-video-preview:-1\" \/>\n<link rel=\"canonical\" href=\"https:\/\/ticaret.edu.tr\/saglik-kultur-ve-spor-daire-baskanligi\/2024\/07\/16\/ticaret-fest-harika-etkinliklere-ev-sahipligi-yapti\/\" \/>\n<meta property=\"og:locale\" content=\"tr_TR\" \/>\n<meta property=\"og:type\" content=\"article\" \/>\n<meta property=\"og:title\" content=\"Ticaret Fest harika etkinliklere ev sahipli\u011fi yapt\u0131\" \/>\n<meta property=\"og:description\" content=\"Ticaret Fest harika etkinliklere ev sahipli\u011fi yapt\u0131 \u0130stanbul Ticaret \u00dcniversitesi, bu y\u0131l da Ticaret Fest etkinlikleriyle dolu dolu zaman ge\u00e7irdi. Birbirinden renkli ve e\u011flenceli etkinliklere ev sahipli\u011fi yapan festivalde \u00f6\u011frenciler hem e\u011flendi hem de farkl\u0131 k\u00fclt\u00fcrleri tan\u0131ma f\u0131rsat\u0131 buldu. AFR\u0130KA G\u00dcN\u00dcNDE \u00d6\u011eRENC\u0130LER FARKLI K\u00dcLT\u00dcRLER\u0130 TANIDILAR Ticaret Fest kapsam\u0131nda d\u00fczenlenen etkinliklerde Afrika G\u00fcn\u00fc co\u015fkuyla kutland\u0131. Renkli [&hellip;]\" \/>\n<meta property=\"og:url\" content=\"https:\/\/ticaret.edu.tr\/saglik-kultur-ve-spor-daire-baskanligi\/2024\/07\/16\/ticaret-fest-harika-etkinliklere-ev-sahipligi-yapti\/\" \/>\n<meta property=\"og:site_name\" content=\"Sa\u011fl\u0131k K\u00fclt\u00fcr ve Spor Daire Ba\u015fkanl\u0131\u011f\u0131\" \/>\n<meta property=\"article:publisher\" content=\"https:\/\/www.facebook.com\/ticaretedutr\" \/>\n<meta property=\"article:published_time\" content=\"2024-07-16T08:39:31+00:00\" \/>\n<meta property=\"article:modified_time\" content=\"2026-01-30T08:41:28+00:00\" \/>\n<meta property=\"og:image\" content=\"https:\/\/ticaret.edu.tr\/saglik-kultur-ve-spor-daire-baskanligi\/wp-content\/uploads\/sites\/32\/2026\/01\/Ekran-Resmi-2024-07-16-13.41.48-donusturuldugu-kaynak-webp.jpeg\" \/>\n\t<meta property=\"og:image:width\" content=\"2232\" \/>\n\t<meta property=\"og:image:height\" content=\"1694\" \/>\n\t<meta property=\"og:image:type\" content=\"image\/jpeg\" \/>\n<meta name=\"author\" content=\"hnozdemir\" \/>\n<meta name=\"twitter:card\" content=\"summary_large_image\" \/>\n<meta name=\"twitter:creator\" content=\"@ticaretedutr\" \/>\n<meta name=\"twitter:site\" content=\"@ticaretedutr\" \/>\n<meta name=\"twitter:label1\" content=\"Yazan:\" \/>\n\t<meta name=\"twitter:data1\" content=\"hnozdemir\" \/>\n\t<meta name=\"twitter:label2\" content=\"Tahmini okuma s\u00fcresi\" \/>\n\t<meta name=\"twitter:data2\" content=\"3 dakika\" \/>\n<script type=\"application\/ld+json\" class=\"yoast-schema-graph\">{\"@context\":\"https:\/\/schema.org\",\"@graph\":[{\"@type\":\"WebPage\",\"@id\":\"https:\/\/ticaret.edu.tr\/saglik-kultur-ve-spor-daire-baskanligi\/2024\/07\/16\/ticaret-fest-harika-etkinliklere-ev-sahipligi-yapti\/\",\"url\":\"https:\/\/ticaret.edu.tr\/saglik-kultur-ve-spor-daire-baskanligi\/2024\/07\/16\/ticaret-fest-harika-etkinliklere-ev-sahipligi-yapti\/\",\"name\":\"Ticaret Fest harika etkinliklere ev sahipli\u011fi yapt\u0131 - Haberler - Sa\u011fl\u0131k K\u00fclt\u00fcr ve Spor Daire Ba\u015fkanl\u0131\u011f\u0131\",\"isPartOf\":{\"@id\":\"https:\/\/ticaret.edu.tr\/saglik-kultur-ve-spor-daire-baskanligi\/#website\"},\"datePublished\":\"2024-07-16T08:39:31+00:00\",\"dateModified\":\"2026-01-30T08:41:28+00:00\",\"author\":{\"@id\":\"https:\/\/ticaret.edu.tr\/saglik-kultur-ve-spor-daire-baskanligi\/#\/schema\/person\/be8b7c5b8bca80d4fb445a136c0ad648\"},\"breadcrumb\":{\"@id\":\"https:\/\/ticaret.edu.tr\/saglik-kultur-ve-spor-daire-baskanligi\/2024\/07\/16\/ticaret-fest-harika-etkinliklere-ev-sahipligi-yapti\/#breadcrumb\"},\"inLanguage\":\"tr\",\"potentialAction\":[{\"@type\":\"ReadAction\",\"target\":[\"https:\/\/ticaret.edu.tr\/saglik-kultur-ve-spor-daire-baskanligi\/2024\/07\/16\/ticaret-fest-harika-etkinliklere-ev-sahipligi-yapti\/\"]}]},{\"@type\":\"BreadcrumbList\",\"@id\":\"https:\/\/ticaret.edu.tr\/saglik-kultur-ve-spor-daire-baskanligi\/2024\/07\/16\/ticaret-fest-harika-etkinliklere-ev-sahipligi-yapti\/#breadcrumb\",\"itemListElement\":[{\"@type\":\"ListItem\",\"position\":1,\"name\":\"Ana sayfa\",\"item\":\"https:\/\/ticaret.edu.tr\/saglik-kultur-ve-spor-daire-baskanligi\/\"},{\"@type\":\"ListItem\",\"position\":2,\"name\":\"Ticaret Fest harika etkinliklere ev sahipli\u011fi yapt\u0131\"}]},{\"@type\":\"WebSite\",\"@id\":\"https:\/\/ticaret.edu.tr\/saglik-kultur-ve-spor-daire-baskanligi\/#website\",\"url\":\"https:\/\/ticaret.edu.tr\/saglik-kultur-ve-spor-daire-baskanligi\/\",\"name\":\"Sa\u011fl\u0131k K\u00fclt\u00fcr ve Spor Daire Ba\u015fkanl\u0131\u011f\u0131\",\"description\":\"\",\"potentialAction\":[{\"@type\":\"SearchAction\",\"target\":{\"@type\":\"EntryPoint\",\"urlTemplate\":\"https:\/\/ticaret.edu.tr\/saglik-kultur-ve-spor-daire-baskanligi\/?s={search_term_string}\"},\"query-input\":\"required name=search_term_string\"}],\"inLanguage\":\"tr\"},{\"@type\":\"Person\",\"@id\":\"https:\/\/ticaret.edu.tr\/saglik-kultur-ve-spor-daire-baskanligi\/#\/schema\/person\/be8b7c5b8bca80d4fb445a136c0ad648\",\"name\":\"hnozdemir\",\"image\":{\"@type\":\"ImageObject\",\"inLanguage\":\"tr\",\"@id\":\"https:\/\/ticaret.edu.tr\/saglik-kultur-ve-spor-daire-baskanligi\/#\/schema\/person\/image\/\",\"url\":\"http:\/\/1.gravatar.com\/avatar\/48202b8a113265f56942c5e7b6255fe0?s=96&d=mm&r=g\",\"contentUrl\":\"http:\/\/1.gravatar.com\/avatar\/48202b8a113265f56942c5e7b6255fe0?s=96&d=mm&r=g\",\"caption\":\"hnozdemir\"},\"url\":\"http:\/\/ticaret.edu.tr\/saglik-kultur-ve-spor-daire-baskanligi\/author\/hnozdemir\/\"}]}<\/script>\n<!-- \/ Yoast SEO Premium plugin. -->","yoast_head_json":{"title":"Ticaret Fest harika etkinliklere ev sahipli\u011fi yapt\u0131 - Haberler - Sa\u011fl\u0131k K\u00fclt\u00fcr ve Spor Daire Ba\u015fkanl\u0131\u011f\u0131","robots":{"index":"index","follow":"follow","max-snippet":"max-snippet:-1","max-image-preview":"max-image-preview:large","max-video-preview":"max-video-preview:-1"},"canonical":"https:\/\/ticaret.edu.tr\/saglik-kultur-ve-spor-daire-baskanligi\/2024\/07\/16\/ticaret-fest-harika-etkinliklere-ev-sahipligi-yapti\/","og_locale":"tr_TR","og_type":"article","og_title":"Ticaret Fest harika etkinliklere ev sahipli\u011fi yapt\u0131","og_description":"Ticaret Fest harika etkinliklere ev sahipli\u011fi yapt\u0131 \u0130stanbul Ticaret \u00dcniversitesi, bu y\u0131l da Ticaret Fest etkinlikleriyle dolu dolu zaman ge\u00e7irdi. Birbirinden renkli ve e\u011flenceli etkinliklere ev sahipli\u011fi yapan festivalde \u00f6\u011frenciler hem e\u011flendi hem de farkl\u0131 k\u00fclt\u00fcrleri tan\u0131ma f\u0131rsat\u0131 buldu. AFR\u0130KA G\u00dcN\u00dcNDE \u00d6\u011eRENC\u0130LER FARKLI K\u00dcLT\u00dcRLER\u0130 TANIDILAR Ticaret Fest kapsam\u0131nda d\u00fczenlenen etkinliklerde Afrika G\u00fcn\u00fc co\u015fkuyla kutland\u0131. Renkli [&hellip;]","og_url":"https:\/\/ticaret.edu.tr\/saglik-kultur-ve-spor-daire-baskanligi\/2024\/07\/16\/ticaret-fest-harika-etkinliklere-ev-sahipligi-yapti\/","og_site_name":"Sa\u011fl\u0131k K\u00fclt\u00fcr ve Spor Daire Ba\u015fkanl\u0131\u011f\u0131","article_publisher":"https:\/\/www.facebook.com\/ticaretedutr","article_published_time":"2024-07-16T08:39:31+00:00","article_modified_time":"2026-01-30T08:41:28+00:00","og_image":[{"width":2232,"height":1694,"url":"https:\/\/ticaret.edu.tr\/saglik-kultur-ve-spor-daire-baskanligi\/wp-content\/uploads\/sites\/32\/2026\/01\/Ekran-Resmi-2024-07-16-13.41.48-donusturuldugu-kaynak-webp.jpeg","type":"image\/jpeg"}],"author":"hnozdemir","twitter_card":"summary_large_image","twitter_creator":"@ticaretedutr","twitter_site":"@ticaretedutr","twitter_misc":{"Yazan:":"hnozdemir","Tahmini okuma s\u00fcresi":"3 dakika"},"schema":{"@context":"https:\/\/schema.org","@graph":[{"@type":"WebPage","@id":"https:\/\/ticaret.edu.tr\/saglik-kultur-ve-spor-daire-baskanligi\/2024\/07\/16\/ticaret-fest-harika-etkinliklere-ev-sahipligi-yapti\/","url":"https:\/\/ticaret.edu.tr\/saglik-kultur-ve-spor-daire-baskanligi\/2024\/07\/16\/ticaret-fest-harika-etkinliklere-ev-sahipligi-yapti\/","name":"Ticaret Fest harika etkinliklere ev sahipli\u011fi yapt\u0131 - Haberler - Sa\u011fl\u0131k K\u00fclt\u00fcr ve Spor Daire Ba\u015fkanl\u0131\u011f\u0131","isPartOf":{"@id":"https:\/\/ticaret.edu.tr\/saglik-kultur-ve-spor-daire-baskanligi\/#website"},"datePublished":"2024-07-16T08:39:31+00:00","dateModified":"2026-01-30T08:41:28+00:00","author":{"@id":"https:\/\/ticaret.edu.tr\/saglik-kultur-ve-spor-daire-baskanligi\/#\/schema\/person\/be8b7c5b8bca80d4fb445a136c0ad648"},"breadcrumb":{"@id":"https:\/\/ticaret.edu.tr\/saglik-kultur-ve-spor-daire-baskanligi\/2024\/07\/16\/ticaret-fest-harika-etkinliklere-ev-sahipligi-yapti\/#breadcrumb"},"inLanguage":"tr","potentialAction":[{"@type":"ReadAction","target":["https:\/\/ticaret.edu.tr\/saglik-kultur-ve-spor-daire-baskanligi\/2024\/07\/16\/ticaret-fest-harika-etkinliklere-ev-sahipligi-yapti\/"]}]},{"@type":"BreadcrumbList","@id":"https:\/\/ticaret.edu.tr\/saglik-kultur-ve-spor-daire-baskanligi\/2024\/07\/16\/ticaret-fest-harika-etkinliklere-ev-sahipligi-yapti\/#breadcrumb","itemListElement":[{"@type":"ListItem","position":1,"name":"Ana sayfa","item":"https:\/\/ticaret.edu.tr\/saglik-kultur-ve-spor-daire-baskanligi\/"},{"@type":"ListItem","position":2,"name":"Ticaret Fest harika etkinliklere ev sahipli\u011fi yapt\u0131"}]},{"@type":"WebSite","@id":"https:\/\/ticaret.edu.tr\/saglik-kultur-ve-spor-daire-baskanligi\/#website","url":"https:\/\/ticaret.edu.tr\/saglik-kultur-ve-spor-daire-baskanligi\/","name":"Sa\u011fl\u0131k K\u00fclt\u00fcr ve Spor Daire Ba\u015fkanl\u0131\u011f\u0131","description":"","potentialAction":[{"@type":"SearchAction","target":{"@type":"EntryPoint","urlTemplate":"https:\/\/ticaret.edu.tr\/saglik-kultur-ve-spor-daire-baskanligi\/?s={search_term_string}"},"query-input":"required name=search_term_string"}],"inLanguage":"tr"},{"@type":"Person","@id":"https:\/\/ticaret.edu.tr\/saglik-kultur-ve-spor-daire-baskanligi\/#\/schema\/person\/be8b7c5b8bca80d4fb445a136c0ad648","name":"hnozdemir","image":{"@type":"ImageObject","inLanguage":"tr","@id":"https:\/\/ticaret.edu.tr\/saglik-kultur-ve-spor-daire-baskanligi\/#\/schema\/person\/image\/","url":"http:\/\/1.gravatar.com\/avatar\/48202b8a113265f56942c5e7b6255fe0?s=96&d=mm&r=g","contentUrl":"http:\/\/1.gravatar.com\/avatar\/48202b8a113265f56942c5e7b6255fe0?s=96&d=mm&r=g","caption":"hnozdemir"},"url":"http:\/\/ticaret.edu.tr\/saglik-kultur-ve-spor-daire-baskanligi\/author\/hnozdemir\/"}]}},"lang":"tr","translations":{"tr":1252},"pll_sync_post":[],"_links":{"self":[{"href":"http:\/\/ticaret.edu.tr\/saglik-kultur-ve-spor-daire-baskanligi\/wp-json\/wp\/v2\/posts\/1252"}],"collection":[{"href":"http:\/\/ticaret.edu.tr\/saglik-kultur-ve-spor-daire-baskanligi\/wp-json\/wp\/v2\/posts"}],"about":[{"href":"http:\/\/ticaret.edu.tr\/saglik-kultur-ve-spor-daire-baskanligi\/wp-json\/wp\/v2\/types\/post"}],"author":[{"embeddable":true,"href":"http:\/\/ticaret.edu.tr\/saglik-kultur-ve-spor-daire-baskanligi\/wp-json\/wp\/v2\/users\/242"}],"replies":[{"embeddable":true,"href":"http:\/\/ticaret.edu.tr\/saglik-kultur-ve-spor-daire-baskanligi\/wp-json\/wp\/v2\/comments?post=1252"}],"version-history":[{"count":1,"href":"http:\/\/ticaret.edu.tr\/saglik-kultur-ve-spor-daire-baskanligi\/wp-json\/wp\/v2\/posts\/1252\/revisions"}],"predecessor-version":[{"id":1254,"href":"http:\/\/ticaret.edu.tr\/saglik-kultur-ve-spor-daire-baskanligi\/wp-json\/wp\/v2\/posts\/1252\/revisions\/1254"}],"wp:featuredmedia":[{"embeddable":true,"href":"http:\/\/ticaret.edu.tr\/saglik-kultur-ve-spor-daire-baskanligi\/wp-json\/wp\/v2\/media\/1253"}],"wp:attachment":[{"href":"http:\/\/ticaret.edu.tr\/saglik-kultur-ve-spor-daire-baskanligi\/wp-json\/wp\/v2\/media?parent=1252"}],"wp:term":[{"taxonomy":"category","embeddable":true,"href":"http:\/\/ticaret.edu.tr\/saglik-kultur-ve-spor-daire-baskanligi\/wp-json\/wp\/v2\/categories?post=1252"},{"taxonomy":"post_tag","embeddable":true,"href":"http:\/\/ticaret.edu.tr\/saglik-kultur-ve-spor-daire-baskanligi\/wp-json\/wp\/v2\/tags?post=1252"}],"curies":[{"name":"wp","href":"https:\/\/api.w.org\/{rel}","templated":true}]}}