{"id":2189,"date":"2026-04-21T16:00:11","date_gmt":"2026-04-21T13:00:11","guid":{"rendered":"https:\/\/ticaret.edu.tr\/siyaset-bilimi-ve-uluslararasi-iliskiler\/?p=2189"},"modified":"2026-04-21T16:03:28","modified_gmt":"2026-04-21T13:03:28","slug":"yeni-erasmus-kurumlar-arasi-anlasma-haberi","status":"publish","type":"post","link":"http:\/\/ticaret.edu.tr\/siyaset-bilimi-ve-uluslararasi-iliskiler\/2026\/04\/21\/yeni-erasmus-kurumlar-arasi-anlasma-haberi\/","title":{"rendered":"Yeni Erasmus+ Kurumlar Aras\u0131 Anla\u015fma Haberi"},"content":{"rendered":"<p>\u00dcniversitemiz ile Estonya\u2019daki <b>Tartu\u00a0\u00dcniversitesi<\/b>\u00a0aras\u0131nda\u00a0yeni\u00a0bir\u00a0<b><span class=\"markviicxvqby\" data-markjs=\"true\" data-ogac=\"\" data-ogab=\"\" data-ogsc=\"\" data-ogsb=\"\">Erasmus<\/span>+ kurumlar aras\u0131 anla\u015fma<\/b>\u00a0imzaland\u0131\u011f\u0131n\u0131 memnuniyetle payla\u015fmak isteriz.<\/p>\n<div>\n<p class=\"x_MsoNormal\">S\u00f6z konusu anla\u015fma, b\u00f6l\u00fcm ba\u015fkan\u0131m\u0131z <b>Do\u00e7. Dr. U\u011fur Yasin Asal<\/b>\u2019\u0131n de\u011ferli destek ve giri\u015fimleriyle hayata ge\u00e7irilmi\u015ftir. Kendisine katk\u0131lar\u0131 ve i\u015f birli\u011fi i\u00e7in te\u015fekk\u00fcr ederiz.<\/p>\n<\/div>\n<div>\n<p class=\"x_MsoNormal\">Bu ortakl\u0131k, akademik personelimiz ve \u00f6\u011frencilerimiz i\u00e7in\u00a0yeni\u00a0hareketlilik ve i\u015f birli\u011fi f\u0131rsatlar\u0131 sunacakt\u0131r.<\/p>\n<\/div>\n<p><img decoding=\"async\" src=\"http:\/\/ticaret.edu.tr\/siyaset-bilimi-ve-uluslararasi-iliskiler\/wp-content\/uploads\/sites\/27\/2026\/04\/New-Erasmus-Agreement-819x1024.png\" \/><\/p>\n","protected":false},"excerpt":{"rendered":"<p>\u00dcniversitemiz ile Estonya\u2019daki Tartu\u00a0\u00dcniversitesi\u00a0aras\u0131nda\u00a0yeni\u00a0bir\u00a0Erasmus+ kurumlar aras\u0131 anla\u015fma\u00a0imzaland\u0131\u011f\u0131n\u0131 memnuniyetle payla\u015fmak isteriz. S\u00f6z konusu anla\u015fma, b\u00f6l\u00fcm ba\u015fkan\u0131m\u0131z Do\u00e7. Dr. U\u011fur Yasin Asal\u2019\u0131n de\u011ferli destek ve giri\u015fimleriyle hayata ge\u00e7irilmi\u015ftir. Kendisine katk\u0131lar\u0131 ve i\u015f birli\u011fi i\u00e7in te\u015fekk\u00fcr ederiz. Bu ortakl\u0131k, akademik personelimiz ve \u00f6\u011frencilerimiz i\u00e7in\u00a0yeni\u00a0hareketlilik ve i\u015f birli\u011fi f\u0131rsatlar\u0131 sunacakt\u0131r.<\/p>\n","protected":false},"author":240,"featured_media":2196,"comment_status":"closed","ping_status":"closed","sticky":false,"template":"","format":"standard","meta":{"footnotes":""},"categories":[2],"tags":[],"yoast_head":"<!-- This site is optimized with the Yoast SEO Premium plugin v22.1 (Yoast SEO v22.1) - https:\/\/yoast.com\/wordpress\/plugins\/seo\/ -->\n<title>Yeni Erasmus+ Kurumlar Aras\u0131 Anla\u015fma Haberi - Haberler - Siyaset Bilimi ve Uluslararas\u0131 \u0130li\u015fkiler<\/title>\n<meta name=\"robots\" content=\"index, follow, max-snippet:-1, max-image-preview:large, max-video-preview:-1\" \/>\n<link rel=\"canonical\" href=\"http:\/\/ticaret.edu.tr\/siyaset-bilimi-ve-uluslararasi-iliskiler\/2026\/04\/21\/yeni-erasmus-kurumlar-arasi-anlasma-haberi\/\" \/>\n<meta property=\"og:locale\" content=\"tr_TR\" \/>\n<meta property=\"og:type\" content=\"article\" \/>\n<meta property=\"og:title\" content=\"Yeni Erasmus+ Kurumlar Aras\u0131 Anla\u015fma Haberi\" \/>\n<meta property=\"og:description\" content=\"\u00dcniversitemiz ile Estonya\u2019daki Tartu\u00a0\u00dcniversitesi\u00a0aras\u0131nda\u00a0yeni\u00a0bir\u00a0Erasmus+ kurumlar aras\u0131 anla\u015fma\u00a0imzaland\u0131\u011f\u0131n\u0131 memnuniyetle payla\u015fmak isteriz. S\u00f6z konusu anla\u015fma, b\u00f6l\u00fcm ba\u015fkan\u0131m\u0131z Do\u00e7. Dr. U\u011fur Yasin Asal\u2019\u0131n de\u011ferli destek ve giri\u015fimleriyle hayata ge\u00e7irilmi\u015ftir. Kendisine katk\u0131lar\u0131 ve i\u015f birli\u011fi i\u00e7in te\u015fekk\u00fcr ederiz. Bu ortakl\u0131k, akademik personelimiz ve \u00f6\u011frencilerimiz i\u00e7in\u00a0yeni\u00a0hareketlilik ve i\u015f birli\u011fi f\u0131rsatlar\u0131 sunacakt\u0131r.\" \/>\n<meta property=\"og:url\" content=\"http:\/\/ticaret.edu.tr\/siyaset-bilimi-ve-uluslararasi-iliskiler\/2026\/04\/21\/yeni-erasmus-kurumlar-arasi-anlasma-haberi\/\" \/>\n<meta property=\"og:site_name\" content=\"Siyaset Bilimi ve Uluslararas\u0131 \u0130li\u015fkiler\" \/>\n<meta property=\"article:publisher\" content=\"https:\/\/www.facebook.com\/ticaretedutr\" \/>\n<meta property=\"article:published_time\" content=\"2026-04-21T13:00:11+00:00\" \/>\n<meta property=\"article:modified_time\" content=\"2026-04-21T13:03:28+00:00\" \/>\n<meta property=\"og:image\" content=\"http:\/\/ticaret.edu.tr\/siyaset-bilimi-ve-uluslararasi-iliskiler\/wp-content\/uploads\/sites\/27\/2026\/04\/New-Erasmus-Agreement-819x1024-2.jpg\" \/>\n\t<meta property=\"og:image:width\" content=\"1080\" \/>\n\t<meta property=\"og:image:height\" content=\"1080\" \/>\n\t<meta property=\"og:image:type\" content=\"image\/jpeg\" \/>\n<meta name=\"author\" content=\"mcyildirim\" \/>\n<meta name=\"twitter:card\" content=\"summary_large_image\" \/>\n<meta name=\"twitter:creator\" content=\"@ticaretedutr\" \/>\n<meta name=\"twitter:site\" content=\"@ticaretedutr\" \/>\n<meta name=\"twitter:label1\" content=\"Yazan:\" \/>\n\t<meta name=\"twitter:data1\" content=\"mcyildirim\" \/>\n\t<meta name=\"twitter:label2\" content=\"Tahmini okuma s\u00fcresi\" \/>\n\t<meta name=\"twitter:data2\" content=\"1 dakika\" \/>\n<script type=\"application\/ld+json\" class=\"yoast-schema-graph\">{\"@context\":\"https:\/\/schema.org\",\"@graph\":[{\"@type\":\"WebPage\",\"@id\":\"http:\/\/ticaret.edu.tr\/siyaset-bilimi-ve-uluslararasi-iliskiler\/2026\/04\/21\/yeni-erasmus-kurumlar-arasi-anlasma-haberi\/\",\"url\":\"http:\/\/ticaret.edu.tr\/siyaset-bilimi-ve-uluslararasi-iliskiler\/2026\/04\/21\/yeni-erasmus-kurumlar-arasi-anlasma-haberi\/\",\"name\":\"Yeni Erasmus+ Kurumlar Aras\u0131 Anla\u015fma Haberi - Haberler - Siyaset Bilimi ve Uluslararas\u0131 \u0130li\u015fkiler\",\"isPartOf\":{\"@id\":\"http:\/\/ticaret.edu.tr\/siyaset-bilimi-ve-uluslararasi-iliskiler\/#website\"},\"datePublished\":\"2026-04-21T13:00:11+00:00\",\"dateModified\":\"2026-04-21T13:03:28+00:00\",\"author\":{\"@id\":\"http:\/\/ticaret.edu.tr\/siyaset-bilimi-ve-uluslararasi-iliskiler\/#\/schema\/person\/7db74a858eba916b494d18edc86051d0\"},\"breadcrumb\":{\"@id\":\"http:\/\/ticaret.edu.tr\/siyaset-bilimi-ve-uluslararasi-iliskiler\/2026\/04\/21\/yeni-erasmus-kurumlar-arasi-anlasma-haberi\/#breadcrumb\"},\"inLanguage\":\"tr\",\"potentialAction\":[{\"@type\":\"ReadAction\",\"target\":[\"http:\/\/ticaret.edu.tr\/siyaset-bilimi-ve-uluslararasi-iliskiler\/2026\/04\/21\/yeni-erasmus-kurumlar-arasi-anlasma-haberi\/\"]}]},{\"@type\":\"BreadcrumbList\",\"@id\":\"http:\/\/ticaret.edu.tr\/siyaset-bilimi-ve-uluslararasi-iliskiler\/2026\/04\/21\/yeni-erasmus-kurumlar-arasi-anlasma-haberi\/#breadcrumb\",\"itemListElement\":[{\"@type\":\"ListItem\",\"position\":1,\"name\":\"Ana sayfa\",\"item\":\"http:\/\/ticaret.edu.tr\/siyaset-bilimi-ve-uluslararasi-iliskiler\/\"},{\"@type\":\"ListItem\",\"position\":2,\"name\":\"Yeni Erasmus+ Kurumlar Aras\u0131 Anla\u015fma Haberi\"}]},{\"@type\":\"WebSite\",\"@id\":\"http:\/\/ticaret.edu.tr\/siyaset-bilimi-ve-uluslararasi-iliskiler\/#website\",\"url\":\"http:\/\/ticaret.edu.tr\/siyaset-bilimi-ve-uluslararasi-iliskiler\/\",\"name\":\"Siyaset Bilimi ve Uluslararas\u0131 \u0130li\u015fkiler\",\"description\":\"\",\"potentialAction\":[{\"@type\":\"SearchAction\",\"target\":{\"@type\":\"EntryPoint\",\"urlTemplate\":\"http:\/\/ticaret.edu.tr\/siyaset-bilimi-ve-uluslararasi-iliskiler\/?s={search_term_string}\"},\"query-input\":\"required name=search_term_string\"}],\"inLanguage\":\"tr\"},{\"@type\":\"Person\",\"@id\":\"http:\/\/ticaret.edu.tr\/siyaset-bilimi-ve-uluslararasi-iliskiler\/#\/schema\/person\/7db74a858eba916b494d18edc86051d0\",\"name\":\"mcyildirim\",\"image\":{\"@type\":\"ImageObject\",\"inLanguage\":\"tr\",\"@id\":\"http:\/\/ticaret.edu.tr\/siyaset-bilimi-ve-uluslararasi-iliskiler\/#\/schema\/person\/image\/\",\"url\":\"http:\/\/0.gravatar.com\/avatar\/f033354f0cc07e5c0f5169b9dbacbb93?s=96&d=mm&r=g\",\"contentUrl\":\"http:\/\/0.gravatar.com\/avatar\/f033354f0cc07e5c0f5169b9dbacbb93?s=96&d=mm&r=g\",\"caption\":\"mcyildirim\"},\"url\":\"http:\/\/ticaret.edu.tr\/siyaset-bilimi-ve-uluslararasi-iliskiler\/author\/mcyildirim\/\"}]}<\/script>\n<!-- \/ Yoast SEO Premium plugin. -->","yoast_head_json":{"title":"Yeni Erasmus+ Kurumlar Aras\u0131 Anla\u015fma Haberi - Haberler - Siyaset Bilimi ve Uluslararas\u0131 \u0130li\u015fkiler","robots":{"index":"index","follow":"follow","max-snippet":"max-snippet:-1","max-image-preview":"max-image-preview:large","max-video-preview":"max-video-preview:-1"},"canonical":"http:\/\/ticaret.edu.tr\/siyaset-bilimi-ve-uluslararasi-iliskiler\/2026\/04\/21\/yeni-erasmus-kurumlar-arasi-anlasma-haberi\/","og_locale":"tr_TR","og_type":"article","og_title":"Yeni Erasmus+ Kurumlar Aras\u0131 Anla\u015fma Haberi","og_description":"\u00dcniversitemiz ile Estonya\u2019daki Tartu\u00a0\u00dcniversitesi\u00a0aras\u0131nda\u00a0yeni\u00a0bir\u00a0Erasmus+ kurumlar aras\u0131 anla\u015fma\u00a0imzaland\u0131\u011f\u0131n\u0131 memnuniyetle payla\u015fmak isteriz. S\u00f6z konusu anla\u015fma, b\u00f6l\u00fcm ba\u015fkan\u0131m\u0131z Do\u00e7. Dr. U\u011fur Yasin Asal\u2019\u0131n de\u011ferli destek ve giri\u015fimleriyle hayata ge\u00e7irilmi\u015ftir. Kendisine katk\u0131lar\u0131 ve i\u015f birli\u011fi i\u00e7in te\u015fekk\u00fcr ederiz. Bu ortakl\u0131k, akademik personelimiz ve \u00f6\u011frencilerimiz i\u00e7in\u00a0yeni\u00a0hareketlilik ve i\u015f birli\u011fi f\u0131rsatlar\u0131 sunacakt\u0131r.","og_url":"http:\/\/ticaret.edu.tr\/siyaset-bilimi-ve-uluslararasi-iliskiler\/2026\/04\/21\/yeni-erasmus-kurumlar-arasi-anlasma-haberi\/","og_site_name":"Siyaset Bilimi ve Uluslararas\u0131 \u0130li\u015fkiler","article_publisher":"https:\/\/www.facebook.com\/ticaretedutr","article_published_time":"2026-04-21T13:00:11+00:00","article_modified_time":"2026-04-21T13:03:28+00:00","og_image":[{"width":1080,"height":1080,"url":"http:\/\/ticaret.edu.tr\/siyaset-bilimi-ve-uluslararasi-iliskiler\/wp-content\/uploads\/sites\/27\/2026\/04\/New-Erasmus-Agreement-819x1024-2.jpg","type":"image\/jpeg"}],"author":"mcyildirim","twitter_card":"summary_large_image","twitter_creator":"@ticaretedutr","twitter_site":"@ticaretedutr","twitter_misc":{"Yazan:":"mcyildirim","Tahmini okuma s\u00fcresi":"1 dakika"},"schema":{"@context":"https:\/\/schema.org","@graph":[{"@type":"WebPage","@id":"http:\/\/ticaret.edu.tr\/siyaset-bilimi-ve-uluslararasi-iliskiler\/2026\/04\/21\/yeni-erasmus-kurumlar-arasi-anlasma-haberi\/","url":"http:\/\/ticaret.edu.tr\/siyaset-bilimi-ve-uluslararasi-iliskiler\/2026\/04\/21\/yeni-erasmus-kurumlar-arasi-anlasma-haberi\/","name":"Yeni Erasmus+ Kurumlar Aras\u0131 Anla\u015fma Haberi - Haberler - Siyaset Bilimi ve Uluslararas\u0131 \u0130li\u015fkiler","isPartOf":{"@id":"http:\/\/ticaret.edu.tr\/siyaset-bilimi-ve-uluslararasi-iliskiler\/#website"},"datePublished":"2026-04-21T13:00:11+00:00","dateModified":"2026-04-21T13:03:28+00:00","author":{"@id":"http:\/\/ticaret.edu.tr\/siyaset-bilimi-ve-uluslararasi-iliskiler\/#\/schema\/person\/7db74a858eba916b494d18edc86051d0"},"breadcrumb":{"@id":"http:\/\/ticaret.edu.tr\/siyaset-bilimi-ve-uluslararasi-iliskiler\/2026\/04\/21\/yeni-erasmus-kurumlar-arasi-anlasma-haberi\/#breadcrumb"},"inLanguage":"tr","potentialAction":[{"@type":"ReadAction","target":["http:\/\/ticaret.edu.tr\/siyaset-bilimi-ve-uluslararasi-iliskiler\/2026\/04\/21\/yeni-erasmus-kurumlar-arasi-anlasma-haberi\/"]}]},{"@type":"BreadcrumbList","@id":"http:\/\/ticaret.edu.tr\/siyaset-bilimi-ve-uluslararasi-iliskiler\/2026\/04\/21\/yeni-erasmus-kurumlar-arasi-anlasma-haberi\/#breadcrumb","itemListElement":[{"@type":"ListItem","position":1,"name":"Ana sayfa","item":"http:\/\/ticaret.edu.tr\/siyaset-bilimi-ve-uluslararasi-iliskiler\/"},{"@type":"ListItem","position":2,"name":"Yeni Erasmus+ Kurumlar Aras\u0131 Anla\u015fma Haberi"}]},{"@type":"WebSite","@id":"http:\/\/ticaret.edu.tr\/siyaset-bilimi-ve-uluslararasi-iliskiler\/#website","url":"http:\/\/ticaret.edu.tr\/siyaset-bilimi-ve-uluslararasi-iliskiler\/","name":"Siyaset Bilimi ve Uluslararas\u0131 \u0130li\u015fkiler","description":"","potentialAction":[{"@type":"SearchAction","target":{"@type":"EntryPoint","urlTemplate":"http:\/\/ticaret.edu.tr\/siyaset-bilimi-ve-uluslararasi-iliskiler\/?s={search_term_string}"},"query-input":"required name=search_term_string"}],"inLanguage":"tr"},{"@type":"Person","@id":"http:\/\/ticaret.edu.tr\/siyaset-bilimi-ve-uluslararasi-iliskiler\/#\/schema\/person\/7db74a858eba916b494d18edc86051d0","name":"mcyildirim","image":{"@type":"ImageObject","inLanguage":"tr","@id":"http:\/\/ticaret.edu.tr\/siyaset-bilimi-ve-uluslararasi-iliskiler\/#\/schema\/person\/image\/","url":"http:\/\/0.gravatar.com\/avatar\/f033354f0cc07e5c0f5169b9dbacbb93?s=96&d=mm&r=g","contentUrl":"http:\/\/0.gravatar.com\/avatar\/f033354f0cc07e5c0f5169b9dbacbb93?s=96&d=mm&r=g","caption":"mcyildirim"},"url":"http:\/\/ticaret.edu.tr\/siyaset-bilimi-ve-uluslararasi-iliskiler\/author\/mcyildirim\/"}]}},"lang":"tr","translations":{"tr":2189},"pll_sync_post":[],"_links":{"self":[{"href":"http:\/\/ticaret.edu.tr\/siyaset-bilimi-ve-uluslararasi-iliskiler\/wp-json\/wp\/v2\/posts\/2189"}],"collection":[{"href":"http:\/\/ticaret.edu.tr\/siyaset-bilimi-ve-uluslararasi-iliskiler\/wp-json\/wp\/v2\/posts"}],"about":[{"href":"http:\/\/ticaret.edu.tr\/siyaset-bilimi-ve-uluslararasi-iliskiler\/wp-json\/wp\/v2\/types\/post"}],"author":[{"embeddable":true,"href":"http:\/\/ticaret.edu.tr\/siyaset-bilimi-ve-uluslararasi-iliskiler\/wp-json\/wp\/v2\/users\/240"}],"replies":[{"embeddable":true,"href":"http:\/\/ticaret.edu.tr\/siyaset-bilimi-ve-uluslararasi-iliskiler\/wp-json\/wp\/v2\/comments?post=2189"}],"version-history":[{"count":3,"href":"http:\/\/ticaret.edu.tr\/siyaset-bilimi-ve-uluslararasi-iliskiler\/wp-json\/wp\/v2\/posts\/2189\/revisions"}],"predecessor-version":[{"id":2195,"href":"http:\/\/ticaret.edu.tr\/siyaset-bilimi-ve-uluslararasi-iliskiler\/wp-json\/wp\/v2\/posts\/2189\/revisions\/2195"}],"wp:featuredmedia":[{"embeddable":true,"href":"http:\/\/ticaret.edu.tr\/siyaset-bilimi-ve-uluslararasi-iliskiler\/wp-json\/wp\/v2\/media\/2196"}],"wp:attachment":[{"href":"http:\/\/ticaret.edu.tr\/siyaset-bilimi-ve-uluslararasi-iliskiler\/wp-json\/wp\/v2\/media?parent=2189"}],"wp:term":[{"taxonomy":"category","embeddable":true,"href":"http:\/\/ticaret.edu.tr\/siyaset-bilimi-ve-uluslararasi-iliskiler\/wp-json\/wp\/v2\/categories?post=2189"},{"taxonomy":"post_tag","embeddable":true,"href":"http:\/\/ticaret.edu.tr\/siyaset-bilimi-ve-uluslararasi-iliskiler\/wp-json\/wp\/v2\/tags?post=2189"}],"curies":[{"name":"wp","href":"https:\/\/api.w.org\/{rel}","templated":true}]}}