{"id":2197,"date":"2026-04-22T15:19:48","date_gmt":"2026-04-22T12:19:48","guid":{"rendered":"https:\/\/ticaret.edu.tr\/siyaset-bilimi-ve-uluslararasi-iliskiler\/?p=2197"},"modified":"2026-04-22T15:19:48","modified_gmt":"2026-04-22T12:19:48","slug":"ogrencimiz-antalya-diplomasi-forumunda-yer-aldi","status":"publish","type":"post","link":"http:\/\/ticaret.edu.tr\/siyaset-bilimi-ve-uluslararasi-iliskiler\/2026\/04\/22\/ogrencimiz-antalya-diplomasi-forumunda-yer-aldi\/","title":{"rendered":"\u00d6\u011frencimiz Antalya Diplomasi Forumu\u2019nda Yer Ald\u0131!"},"content":{"rendered":"<p>Antalya Diplomasi Forumu\u2019nun (ADF) be\u015fincisi bu y\u0131l 17-19 Nisan 2026 tarihleri aras\u0131nda NEST Kongre ve Fuar Merkezinde ger\u00e7ekle\u015ftirildi. T\u00fcrkiye Cumhuriyeti D\u0131\u015fi\u015fleri Bakanl\u0131\u011f\u0131 taraf\u0131ndan d\u00fczenlenen ADF; k\u00fcresel sorunlar\u0131n, devlet ba\u015fkanlar\u0131, diplomatlar, akademisyenler ve sivil toplum temsilcileri aras\u0131nda \u00e7ok tarafl\u0131 diyalog temelinde ele al\u0131nd\u0131\u011f\u0131 bir platform olarak \u00f6n plana \u00e7\u0131k\u0131yor. Bu y\u0131l ADF, 150\u2019den fazla \u00fclkeden 5000\u2019i a\u015fk\u0131n kat\u0131l\u0131mc\u0131ya ev sahipli\u011fi yapt\u0131.<\/p>\n<p>Forum\u2019a hem T\u00fcrkiye\u2019den hem de d\u00fcnyadan y\u00fcksek d\u00fczeyli kat\u0131l\u0131m ger\u00e7ekle\u015firken, ADF Youth kapsam\u0131nda gen\u00e7lere de bu platformu de\u011ferlendirme ve k\u00fcresel diplomasi akt\u00f6rleriyle etkile\u015fim kurma f\u0131rsat\u0131 sunuldu. \u00dcniversitemiz Siyaset Bilimi ve Uluslararas\u0131 \u0130li\u015fkiler (\u0130ngilizce) Lisans 4. S\u0131n\u0131f \u00d6\u011frencisi Cenk Toprak Koyun da ADF 2026\u2019da kat\u0131l\u0131mc\u0131 olarak yer ald\u0131.<\/p>\n<p>\u201cYar\u0131n\u0131 Tasarlarken Belirsizliklerle Ba\u015f Etmek\u201d temas\u0131 ile \u00f6n plana \u00e7\u0131kan ADF 2026, misafirleri ve ortaya \u00e7\u0131kan deme\u00e7leriyle de dikkat \u00e7ekti. Hemen hemen her oturumda devletler aras\u0131nda \u201cdiyalog ba\u011flar\u0131n\u0131n kopar\u0131lmamas\u0131\u201d gerekti\u011fine vurgu yap\u0131l\u0131rken bir di\u011fer unsur olarak g\u00fcncel jeopolitik krizlerde \u201cba\u011flant\u0131sall\u0131k\u201d kavram\u0131n\u0131n \u00f6nemi vurguland\u0131.<\/p>\n<p>Bir di\u011fer \u00f6nemli unsur ise neredeyse b\u00fct\u00fcn kat\u0131l\u0131mc\u0131lar\u0131n mevcut Birle\u015fmi\u015f Milletler G\u00fcvenlik Konseyi (BMGK) yap\u0131s\u0131 ve Uluslararas\u0131 Hukuk sisteminde reforma gidilmesi gerekti\u011fine dair s\u00f6ylemleri oldu.<\/p>\n<p><img loading=\"lazy\" decoding=\"async\" class=\"alignnone size-large wp-image-2200\" src=\"http:\/\/ticaret.edu.tr\/siyaset-bilimi-ve-uluslararasi-iliskiler\/wp-content\/uploads\/sites\/27\/2026\/04\/WhatsApp-Image-2026-04-22-at-12.02.01-1024x783.jpeg\" alt=\"\" width=\"1024\" height=\"783\" srcset=\"http:\/\/ticaret.edu.tr\/siyaset-bilimi-ve-uluslararasi-iliskiler\/wp-content\/uploads\/sites\/27\/2026\/04\/WhatsApp-Image-2026-04-22-at-12.02.01-1024x783.jpeg 1024w, http:\/\/ticaret.edu.tr\/siyaset-bilimi-ve-uluslararasi-iliskiler\/wp-content\/uploads\/sites\/27\/2026\/04\/WhatsApp-Image-2026-04-22-at-12.02.01-300x229.jpeg 300w, http:\/\/ticaret.edu.tr\/siyaset-bilimi-ve-uluslararasi-iliskiler\/wp-content\/uploads\/sites\/27\/2026\/04\/WhatsApp-Image-2026-04-22-at-12.02.01-768x587.jpeg 768w, http:\/\/ticaret.edu.tr\/siyaset-bilimi-ve-uluslararasi-iliskiler\/wp-content\/uploads\/sites\/27\/2026\/04\/WhatsApp-Image-2026-04-22-at-12.02.01-1536x1175.jpeg 1536w, http:\/\/ticaret.edu.tr\/siyaset-bilimi-ve-uluslararasi-iliskiler\/wp-content\/uploads\/sites\/27\/2026\/04\/WhatsApp-Image-2026-04-22-at-12.02.01.jpeg 2048w\" sizes=\"(max-width: 1024px) 100vw, 1024px\" \/><\/p>\n<p>&nbsp;<\/p>\n<p><img loading=\"lazy\" decoding=\"async\" class=\"alignnone size-large wp-image-2199\" src=\"http:\/\/ticaret.edu.tr\/siyaset-bilimi-ve-uluslararasi-iliskiler\/wp-content\/uploads\/sites\/27\/2026\/04\/WhatsApp-Image-2026-04-22-at-12.02.01-1-1024x695.jpeg\" alt=\"\" width=\"1024\" height=\"695\" srcset=\"http:\/\/ticaret.edu.tr\/siyaset-bilimi-ve-uluslararasi-iliskiler\/wp-content\/uploads\/sites\/27\/2026\/04\/WhatsApp-Image-2026-04-22-at-12.02.01-1-1024x695.jpeg 1024w, http:\/\/ticaret.edu.tr\/siyaset-bilimi-ve-uluslararasi-iliskiler\/wp-content\/uploads\/sites\/27\/2026\/04\/WhatsApp-Image-2026-04-22-at-12.02.01-1-300x204.jpeg 300w, http:\/\/ticaret.edu.tr\/siyaset-bilimi-ve-uluslararasi-iliskiler\/wp-content\/uploads\/sites\/27\/2026\/04\/WhatsApp-Image-2026-04-22-at-12.02.01-1-768x521.jpeg 768w, http:\/\/ticaret.edu.tr\/siyaset-bilimi-ve-uluslararasi-iliskiler\/wp-content\/uploads\/sites\/27\/2026\/04\/WhatsApp-Image-2026-04-22-at-12.02.01-1-1536x1043.jpeg 1536w, http:\/\/ticaret.edu.tr\/siyaset-bilimi-ve-uluslararasi-iliskiler\/wp-content\/uploads\/sites\/27\/2026\/04\/WhatsApp-Image-2026-04-22-at-12.02.01-1.jpeg 2048w\" sizes=\"(max-width: 1024px) 100vw, 1024px\" \/><\/p>\n<p><img loading=\"lazy\" decoding=\"async\" class=\"alignnone size-large wp-image-2198\" src=\"http:\/\/ticaret.edu.tr\/siyaset-bilimi-ve-uluslararasi-iliskiler\/wp-content\/uploads\/sites\/27\/2026\/04\/WhatsApp-Image-2026-04-22-at-12.02.02-768x1024.jpeg\" alt=\"\" width=\"768\" height=\"1024\" srcset=\"http:\/\/ticaret.edu.tr\/siyaset-bilimi-ve-uluslararasi-iliskiler\/wp-content\/uploads\/sites\/27\/2026\/04\/WhatsApp-Image-2026-04-22-at-12.02.02-768x1024.jpeg 768w, http:\/\/ticaret.edu.tr\/siyaset-bilimi-ve-uluslararasi-iliskiler\/wp-content\/uploads\/sites\/27\/2026\/04\/WhatsApp-Image-2026-04-22-at-12.02.02-225x300.jpeg 225w, http:\/\/ticaret.edu.tr\/siyaset-bilimi-ve-uluslararasi-iliskiler\/wp-content\/uploads\/sites\/27\/2026\/04\/WhatsApp-Image-2026-04-22-at-12.02.02-1152x1536.jpeg 1152w, http:\/\/ticaret.edu.tr\/siyaset-bilimi-ve-uluslararasi-iliskiler\/wp-content\/uploads\/sites\/27\/2026\/04\/WhatsApp-Image-2026-04-22-at-12.02.02.jpeg 1536w\" sizes=\"(max-width: 768px) 100vw, 768px\" \/><\/p>\n<p>&nbsp;<\/p>\n","protected":false},"excerpt":{"rendered":"<p>Antalya Diplomasi Forumu\u2019nun (ADF) be\u015fincisi bu y\u0131l 17-19 Nisan 2026 tarihleri aras\u0131nda NEST Kongre ve Fuar Merkezinde ger\u00e7ekle\u015ftirildi. T\u00fcrkiye Cumhuriyeti D\u0131\u015fi\u015fleri Bakanl\u0131\u011f\u0131 taraf\u0131ndan d\u00fczenlenen ADF; k\u00fcresel sorunlar\u0131n, devlet ba\u015fkanlar\u0131, diplomatlar, akademisyenler ve sivil toplum temsilcileri aras\u0131nda \u00e7ok tarafl\u0131 diyalog temelinde ele al\u0131nd\u0131\u011f\u0131 bir platform olarak \u00f6n plana \u00e7\u0131k\u0131yor. Bu y\u0131l ADF, 150\u2019den fazla \u00fclkeden 5000\u2019i [&hellip;]<\/p>\n","protected":false},"author":240,"featured_media":2200,"comment_status":"closed","ping_status":"closed","sticky":false,"template":"","format":"standard","meta":{"footnotes":""},"categories":[2],"tags":[],"yoast_head":"<!-- This site is optimized with the Yoast SEO Premium plugin v22.1 (Yoast SEO v22.1) - https:\/\/yoast.com\/wordpress\/plugins\/seo\/ -->\n<title>\u00d6\u011frencimiz Antalya Diplomasi Forumu\u2019nda Yer Ald\u0131! - Haberler - Siyaset Bilimi ve Uluslararas\u0131 \u0130li\u015fkiler<\/title>\n<meta name=\"robots\" content=\"index, follow, max-snippet:-1, max-image-preview:large, max-video-preview:-1\" \/>\n<link rel=\"canonical\" href=\"http:\/\/ticaret.edu.tr\/siyaset-bilimi-ve-uluslararasi-iliskiler\/2026\/04\/22\/ogrencimiz-antalya-diplomasi-forumunda-yer-aldi\/\" \/>\n<meta property=\"og:locale\" content=\"tr_TR\" \/>\n<meta property=\"og:type\" content=\"article\" \/>\n<meta property=\"og:title\" content=\"\u00d6\u011frencimiz Antalya Diplomasi Forumu\u2019nda Yer Ald\u0131!\" \/>\n<meta property=\"og:description\" content=\"Antalya Diplomasi Forumu\u2019nun (ADF) be\u015fincisi bu y\u0131l 17-19 Nisan 2026 tarihleri aras\u0131nda NEST Kongre ve Fuar Merkezinde ger\u00e7ekle\u015ftirildi. T\u00fcrkiye Cumhuriyeti D\u0131\u015fi\u015fleri Bakanl\u0131\u011f\u0131 taraf\u0131ndan d\u00fczenlenen ADF; k\u00fcresel sorunlar\u0131n, devlet ba\u015fkanlar\u0131, diplomatlar, akademisyenler ve sivil toplum temsilcileri aras\u0131nda \u00e7ok tarafl\u0131 diyalog temelinde ele al\u0131nd\u0131\u011f\u0131 bir platform olarak \u00f6n plana \u00e7\u0131k\u0131yor. Bu y\u0131l ADF, 150\u2019den fazla \u00fclkeden 5000\u2019i [&hellip;]\" \/>\n<meta property=\"og:url\" content=\"http:\/\/ticaret.edu.tr\/siyaset-bilimi-ve-uluslararasi-iliskiler\/2026\/04\/22\/ogrencimiz-antalya-diplomasi-forumunda-yer-aldi\/\" \/>\n<meta property=\"og:site_name\" content=\"Siyaset Bilimi ve Uluslararas\u0131 \u0130li\u015fkiler\" \/>\n<meta property=\"article:publisher\" content=\"https:\/\/www.facebook.com\/ticaretedutr\" \/>\n<meta property=\"article:published_time\" content=\"2026-04-22T12:19:48+00:00\" \/>\n<meta property=\"og:image\" content=\"http:\/\/ticaret.edu.tr\/siyaset-bilimi-ve-uluslararasi-iliskiler\/wp-content\/uploads\/sites\/27\/2026\/04\/WhatsApp-Image-2026-04-22-at-12.02.01.jpeg\" \/>\n\t<meta property=\"og:image:width\" content=\"2048\" \/>\n\t<meta property=\"og:image:height\" content=\"1566\" \/>\n\t<meta property=\"og:image:type\" content=\"image\/jpeg\" \/>\n<meta name=\"author\" content=\"mcyildirim\" \/>\n<meta name=\"twitter:card\" content=\"summary_large_image\" \/>\n<meta name=\"twitter:creator\" content=\"@ticaretedutr\" \/>\n<meta name=\"twitter:site\" content=\"@ticaretedutr\" \/>\n<meta name=\"twitter:label1\" content=\"Yazan:\" \/>\n\t<meta name=\"twitter:data1\" content=\"mcyildirim\" \/>\n\t<meta name=\"twitter:label2\" content=\"Tahmini okuma s\u00fcresi\" \/>\n\t<meta name=\"twitter:data2\" content=\"2 dakika\" \/>\n<script type=\"application\/ld+json\" class=\"yoast-schema-graph\">{\"@context\":\"https:\/\/schema.org\",\"@graph\":[{\"@type\":\"WebPage\",\"@id\":\"http:\/\/ticaret.edu.tr\/siyaset-bilimi-ve-uluslararasi-iliskiler\/2026\/04\/22\/ogrencimiz-antalya-diplomasi-forumunda-yer-aldi\/\",\"url\":\"http:\/\/ticaret.edu.tr\/siyaset-bilimi-ve-uluslararasi-iliskiler\/2026\/04\/22\/ogrencimiz-antalya-diplomasi-forumunda-yer-aldi\/\",\"name\":\"\u00d6\u011frencimiz Antalya Diplomasi Forumu\u2019nda Yer Ald\u0131! - Haberler - Siyaset Bilimi ve Uluslararas\u0131 \u0130li\u015fkiler\",\"isPartOf\":{\"@id\":\"http:\/\/ticaret.edu.tr\/siyaset-bilimi-ve-uluslararasi-iliskiler\/#website\"},\"datePublished\":\"2026-04-22T12:19:48+00:00\",\"dateModified\":\"2026-04-22T12:19:48+00:00\",\"author\":{\"@id\":\"http:\/\/ticaret.edu.tr\/siyaset-bilimi-ve-uluslararasi-iliskiler\/#\/schema\/person\/7db74a858eba916b494d18edc86051d0\"},\"breadcrumb\":{\"@id\":\"http:\/\/ticaret.edu.tr\/siyaset-bilimi-ve-uluslararasi-iliskiler\/2026\/04\/22\/ogrencimiz-antalya-diplomasi-forumunda-yer-aldi\/#breadcrumb\"},\"inLanguage\":\"tr\",\"potentialAction\":[{\"@type\":\"ReadAction\",\"target\":[\"http:\/\/ticaret.edu.tr\/siyaset-bilimi-ve-uluslararasi-iliskiler\/2026\/04\/22\/ogrencimiz-antalya-diplomasi-forumunda-yer-aldi\/\"]}]},{\"@type\":\"BreadcrumbList\",\"@id\":\"http:\/\/ticaret.edu.tr\/siyaset-bilimi-ve-uluslararasi-iliskiler\/2026\/04\/22\/ogrencimiz-antalya-diplomasi-forumunda-yer-aldi\/#breadcrumb\",\"itemListElement\":[{\"@type\":\"ListItem\",\"position\":1,\"name\":\"Ana sayfa\",\"item\":\"http:\/\/ticaret.edu.tr\/siyaset-bilimi-ve-uluslararasi-iliskiler\/\"},{\"@type\":\"ListItem\",\"position\":2,\"name\":\"\u00d6\u011frencimiz Antalya Diplomasi Forumu\u2019nda Yer Ald\u0131!\"}]},{\"@type\":\"WebSite\",\"@id\":\"http:\/\/ticaret.edu.tr\/siyaset-bilimi-ve-uluslararasi-iliskiler\/#website\",\"url\":\"http:\/\/ticaret.edu.tr\/siyaset-bilimi-ve-uluslararasi-iliskiler\/\",\"name\":\"Siyaset Bilimi ve Uluslararas\u0131 \u0130li\u015fkiler\",\"description\":\"\",\"potentialAction\":[{\"@type\":\"SearchAction\",\"target\":{\"@type\":\"EntryPoint\",\"urlTemplate\":\"http:\/\/ticaret.edu.tr\/siyaset-bilimi-ve-uluslararasi-iliskiler\/?s={search_term_string}\"},\"query-input\":\"required name=search_term_string\"}],\"inLanguage\":\"tr\"},{\"@type\":\"Person\",\"@id\":\"http:\/\/ticaret.edu.tr\/siyaset-bilimi-ve-uluslararasi-iliskiler\/#\/schema\/person\/7db74a858eba916b494d18edc86051d0\",\"name\":\"mcyildirim\",\"image\":{\"@type\":\"ImageObject\",\"inLanguage\":\"tr\",\"@id\":\"http:\/\/ticaret.edu.tr\/siyaset-bilimi-ve-uluslararasi-iliskiler\/#\/schema\/person\/image\/\",\"url\":\"http:\/\/0.gravatar.com\/avatar\/f033354f0cc07e5c0f5169b9dbacbb93?s=96&d=mm&r=g\",\"contentUrl\":\"http:\/\/0.gravatar.com\/avatar\/f033354f0cc07e5c0f5169b9dbacbb93?s=96&d=mm&r=g\",\"caption\":\"mcyildirim\"},\"url\":\"http:\/\/ticaret.edu.tr\/siyaset-bilimi-ve-uluslararasi-iliskiler\/author\/mcyildirim\/\"}]}<\/script>\n<!-- \/ Yoast SEO Premium plugin. -->","yoast_head_json":{"title":"\u00d6\u011frencimiz Antalya Diplomasi Forumu\u2019nda Yer Ald\u0131! - Haberler - Siyaset Bilimi ve Uluslararas\u0131 \u0130li\u015fkiler","robots":{"index":"index","follow":"follow","max-snippet":"max-snippet:-1","max-image-preview":"max-image-preview:large","max-video-preview":"max-video-preview:-1"},"canonical":"http:\/\/ticaret.edu.tr\/siyaset-bilimi-ve-uluslararasi-iliskiler\/2026\/04\/22\/ogrencimiz-antalya-diplomasi-forumunda-yer-aldi\/","og_locale":"tr_TR","og_type":"article","og_title":"\u00d6\u011frencimiz Antalya Diplomasi Forumu\u2019nda Yer Ald\u0131!","og_description":"Antalya Diplomasi Forumu\u2019nun (ADF) be\u015fincisi bu y\u0131l 17-19 Nisan 2026 tarihleri aras\u0131nda NEST Kongre ve Fuar Merkezinde ger\u00e7ekle\u015ftirildi. T\u00fcrkiye Cumhuriyeti D\u0131\u015fi\u015fleri Bakanl\u0131\u011f\u0131 taraf\u0131ndan d\u00fczenlenen ADF; k\u00fcresel sorunlar\u0131n, devlet ba\u015fkanlar\u0131, diplomatlar, akademisyenler ve sivil toplum temsilcileri aras\u0131nda \u00e7ok tarafl\u0131 diyalog temelinde ele al\u0131nd\u0131\u011f\u0131 bir platform olarak \u00f6n plana \u00e7\u0131k\u0131yor. Bu y\u0131l ADF, 150\u2019den fazla \u00fclkeden 5000\u2019i [&hellip;]","og_url":"http:\/\/ticaret.edu.tr\/siyaset-bilimi-ve-uluslararasi-iliskiler\/2026\/04\/22\/ogrencimiz-antalya-diplomasi-forumunda-yer-aldi\/","og_site_name":"Siyaset Bilimi ve Uluslararas\u0131 \u0130li\u015fkiler","article_publisher":"https:\/\/www.facebook.com\/ticaretedutr","article_published_time":"2026-04-22T12:19:48+00:00","og_image":[{"width":2048,"height":1566,"url":"http:\/\/ticaret.edu.tr\/siyaset-bilimi-ve-uluslararasi-iliskiler\/wp-content\/uploads\/sites\/27\/2026\/04\/WhatsApp-Image-2026-04-22-at-12.02.01.jpeg","type":"image\/jpeg"}],"author":"mcyildirim","twitter_card":"summary_large_image","twitter_creator":"@ticaretedutr","twitter_site":"@ticaretedutr","twitter_misc":{"Yazan:":"mcyildirim","Tahmini okuma s\u00fcresi":"2 dakika"},"schema":{"@context":"https:\/\/schema.org","@graph":[{"@type":"WebPage","@id":"http:\/\/ticaret.edu.tr\/siyaset-bilimi-ve-uluslararasi-iliskiler\/2026\/04\/22\/ogrencimiz-antalya-diplomasi-forumunda-yer-aldi\/","url":"http:\/\/ticaret.edu.tr\/siyaset-bilimi-ve-uluslararasi-iliskiler\/2026\/04\/22\/ogrencimiz-antalya-diplomasi-forumunda-yer-aldi\/","name":"\u00d6\u011frencimiz Antalya Diplomasi Forumu\u2019nda Yer Ald\u0131! - Haberler - Siyaset Bilimi ve Uluslararas\u0131 \u0130li\u015fkiler","isPartOf":{"@id":"http:\/\/ticaret.edu.tr\/siyaset-bilimi-ve-uluslararasi-iliskiler\/#website"},"datePublished":"2026-04-22T12:19:48+00:00","dateModified":"2026-04-22T12:19:48+00:00","author":{"@id":"http:\/\/ticaret.edu.tr\/siyaset-bilimi-ve-uluslararasi-iliskiler\/#\/schema\/person\/7db74a858eba916b494d18edc86051d0"},"breadcrumb":{"@id":"http:\/\/ticaret.edu.tr\/siyaset-bilimi-ve-uluslararasi-iliskiler\/2026\/04\/22\/ogrencimiz-antalya-diplomasi-forumunda-yer-aldi\/#breadcrumb"},"inLanguage":"tr","potentialAction":[{"@type":"ReadAction","target":["http:\/\/ticaret.edu.tr\/siyaset-bilimi-ve-uluslararasi-iliskiler\/2026\/04\/22\/ogrencimiz-antalya-diplomasi-forumunda-yer-aldi\/"]}]},{"@type":"BreadcrumbList","@id":"http:\/\/ticaret.edu.tr\/siyaset-bilimi-ve-uluslararasi-iliskiler\/2026\/04\/22\/ogrencimiz-antalya-diplomasi-forumunda-yer-aldi\/#breadcrumb","itemListElement":[{"@type":"ListItem","position":1,"name":"Ana sayfa","item":"http:\/\/ticaret.edu.tr\/siyaset-bilimi-ve-uluslararasi-iliskiler\/"},{"@type":"ListItem","position":2,"name":"\u00d6\u011frencimiz Antalya Diplomasi Forumu\u2019nda Yer Ald\u0131!"}]},{"@type":"WebSite","@id":"http:\/\/ticaret.edu.tr\/siyaset-bilimi-ve-uluslararasi-iliskiler\/#website","url":"http:\/\/ticaret.edu.tr\/siyaset-bilimi-ve-uluslararasi-iliskiler\/","name":"Siyaset Bilimi ve Uluslararas\u0131 \u0130li\u015fkiler","description":"","potentialAction":[{"@type":"SearchAction","target":{"@type":"EntryPoint","urlTemplate":"http:\/\/ticaret.edu.tr\/siyaset-bilimi-ve-uluslararasi-iliskiler\/?s={search_term_string}"},"query-input":"required name=search_term_string"}],"inLanguage":"tr"},{"@type":"Person","@id":"http:\/\/ticaret.edu.tr\/siyaset-bilimi-ve-uluslararasi-iliskiler\/#\/schema\/person\/7db74a858eba916b494d18edc86051d0","name":"mcyildirim","image":{"@type":"ImageObject","inLanguage":"tr","@id":"http:\/\/ticaret.edu.tr\/siyaset-bilimi-ve-uluslararasi-iliskiler\/#\/schema\/person\/image\/","url":"http:\/\/0.gravatar.com\/avatar\/f033354f0cc07e5c0f5169b9dbacbb93?s=96&d=mm&r=g","contentUrl":"http:\/\/0.gravatar.com\/avatar\/f033354f0cc07e5c0f5169b9dbacbb93?s=96&d=mm&r=g","caption":"mcyildirim"},"url":"http:\/\/ticaret.edu.tr\/siyaset-bilimi-ve-uluslararasi-iliskiler\/author\/mcyildirim\/"}]}},"lang":"tr","translations":{"tr":2197},"pll_sync_post":[],"_links":{"self":[{"href":"http:\/\/ticaret.edu.tr\/siyaset-bilimi-ve-uluslararasi-iliskiler\/wp-json\/wp\/v2\/posts\/2197"}],"collection":[{"href":"http:\/\/ticaret.edu.tr\/siyaset-bilimi-ve-uluslararasi-iliskiler\/wp-json\/wp\/v2\/posts"}],"about":[{"href":"http:\/\/ticaret.edu.tr\/siyaset-bilimi-ve-uluslararasi-iliskiler\/wp-json\/wp\/v2\/types\/post"}],"author":[{"embeddable":true,"href":"http:\/\/ticaret.edu.tr\/siyaset-bilimi-ve-uluslararasi-iliskiler\/wp-json\/wp\/v2\/users\/240"}],"replies":[{"embeddable":true,"href":"http:\/\/ticaret.edu.tr\/siyaset-bilimi-ve-uluslararasi-iliskiler\/wp-json\/wp\/v2\/comments?post=2197"}],"version-history":[{"count":1,"href":"http:\/\/ticaret.edu.tr\/siyaset-bilimi-ve-uluslararasi-iliskiler\/wp-json\/wp\/v2\/posts\/2197\/revisions"}],"predecessor-version":[{"id":2201,"href":"http:\/\/ticaret.edu.tr\/siyaset-bilimi-ve-uluslararasi-iliskiler\/wp-json\/wp\/v2\/posts\/2197\/revisions\/2201"}],"wp:featuredmedia":[{"embeddable":true,"href":"http:\/\/ticaret.edu.tr\/siyaset-bilimi-ve-uluslararasi-iliskiler\/wp-json\/wp\/v2\/media\/2200"}],"wp:attachment":[{"href":"http:\/\/ticaret.edu.tr\/siyaset-bilimi-ve-uluslararasi-iliskiler\/wp-json\/wp\/v2\/media?parent=2197"}],"wp:term":[{"taxonomy":"category","embeddable":true,"href":"http:\/\/ticaret.edu.tr\/siyaset-bilimi-ve-uluslararasi-iliskiler\/wp-json\/wp\/v2\/categories?post=2197"},{"taxonomy":"post_tag","embeddable":true,"href":"http:\/\/ticaret.edu.tr\/siyaset-bilimi-ve-uluslararasi-iliskiler\/wp-json\/wp\/v2\/tags?post=2197"}],"curies":[{"name":"wp","href":"https:\/\/api.w.org\/{rel}","templated":true}]}}