{"id":71,"date":"2020-06-30T14:45:19","date_gmt":"2020-06-30T11:45:19","guid":{"rendered":"http:\/\/ticaret.edu.tr\/uidiuam\/?p=71"},"modified":"2021-12-06T16:18:43","modified_gmt":"2021-12-06T13:18:43","slug":"covid-19-pandemisinin-turkiyeye-etkileri-sempozyumu-online","status":"publish","type":"post","link":"http:\/\/ticaret.edu.tr\/universite-is-dunyasi-iliskileri-uygulama-ve-arastirma-merkezi\/2020\/06\/30\/covid-19-pandemisinin-turkiyeye-etkileri-sempozyumu-online\/","title":{"rendered":"Covid 19 Pandemisinin T\u00fcrkiye\u2019ye Etkileri Sempozyumu (Online)"},"content":{"rendered":"<div>\n<div>\n<p>2020 y\u0131l\u0131n\u0131n hen\u00fcz ba\u015flar\u0131nda \u00c7in merkezli etkisini g\u00f6stermeye ba\u015flayan ve \u015fuan da t\u00fcm d\u00fcnya i\u00e7in yap\u0131sal bir sorun halini alan COVID-19 salg\u0131n\u0131 \u00e7ok y\u00f6nl\u00fc olarak her alana etki etmektedir. \u015e\u00fcphesiz sa\u011fl\u0131k konular\u0131n\u0131n ve buna ba\u011fl\u0131 tedbirlerin \u00f6nceledi\u011fi bir d\u00fcnya g\u00fcndeminde genel ekonomik durumu, s\u00fcre\u00e7lerin meydana getirdi\u011fi hasarlar\u0131 ve konuya ili\u015fkin temel \u00f6nerileri de sunma gereklili\u011fi h\u00e2s\u0131l olmu\u015ftur. Olabildi\u011fince yak\u0131n bir s\u00fcrede d\u00fcnya genelinde kontrol alt\u0131na al\u0131naca\u011f\u0131 ifade edilen bu salg\u0131n\u0131n akabinde daha b\u00fcy\u00fck sorunlar hem d\u00fcnyay\u0131 hem de \u00fclkemizi beklemektedir. Bu ka\u00e7\u0131n\u0131lmaz bir neticedir.Ulusal \u201cCOV\u0130D 19 PANDEM\u0130S\u0130N\u0130N T\u00dcRK\u0130YE\u2019YE ETK\u0130LER\u0130 SEMPOZYUMU\u201d kapsam\u0131nda salg\u0131n s\u00fcrecinde ve sonras\u0131nda T\u00fcrkiye \u00f6zelinde, olas\u0131 etkilerin \u00e7ok y\u00f6nl\u00fc tart\u0131\u015f\u0131laca\u011f\u0131 ve katma de\u011fer olu\u015fturaca\u011f\u0131 fikirler sunulacakt\u0131r.\u00a0 Bilim insanlar\u0131n\u0131n ve ara\u015ft\u0131rmac\u0131lar\u0131n <strong><em>\u00f6zet metinler<\/em><\/strong> ile kat\u0131labilece\u011fi bu bilimsel faaliyet sonucunda, kabul edilen ve sunulan \u00e7al\u0131\u015fmalar, ISBN al\u0131nm\u0131\u015f \u00f6zet bildiriler kitap\u00e7\u0131\u011f\u0131nda yay\u0131mlanacakt\u0131r.<\/p>\n<p>\u201cCOV\u0130D 19 PANDEM\u0130S\u0130N\u0130N T\u00dcRK\u0130YE\u2019YE ETK\u0130LER\u0130 SEMPOZYUMU\u201d \u0130stanbul Ticaret \u00dcniversitesi \u00dcniversite-\u0130\u015f D\u00fcnyas\u0131 \u0130li\u015fkileri Uygulama ve Ara\u015ft\u0131rma Merkezi ve Liderlik ve Giri\u015fimcilik Uygulama ve Ara\u015ft\u0131rma Merkezi ve y\u00f6netim kurullar\u0131 uhdesinde te\u015fkil olmu\u015ftur.<\/p>\n<p>Sevgi ve sayg\u0131lar\u0131m\u0131zla\u2026<\/p>\n<p>D\u00fczenleme Kurulu Ad\u0131na<\/p>\n<p><strong>Dr. \u00d6\u011fretim \u00dcyesi Gencay Karakaya<\/strong><\/p>\n<p><strong>A\u00c7ILI\u015e KONU\u015eMACILARI:\u00a0<\/strong><\/p>\n<p><strong>\u2013 Prof. Dr. Y\u00fccel O\u011eURLU<\/strong> \u2013 \u0130stanbul Ticaret \u00dcniversitesi Rekt\u00f6r\u00fc<br \/>\n<strong>\u2013 Dr. \u00d6\u011fretim \u00dcyesi Muhittin ADIG\u00dcZEL<\/strong> \u2013 \u0130stanbul Ticaret \u00dcniversitesi \u00dcniversite-\u0130\u015f D\u00fcnyas\u0131 \u0130li\u015fkileri Uygulama ve Ara\u015ft\u0131rma Merkezi M\u00fcd\u00fcr\u00fc<\/p>\n<p><u><a href=\"https:\/\/www.ticaret.edu.tr\/uploads\/etkinlik\/909\/Kurullar.pdf\"><strong>SEMPOZYUM KURULLARI<\/strong><\/a><\/u><\/p>\n<p><strong>\u00d6NEML\u0130 B\u0130LG\u0130LEND\u0130RMELER<\/strong><\/p>\n<\/div>\n<ul>\n<li>Sempozyum kapsam\u0131nda t\u00fcm \u00e7al\u0131\u015fmalar s\u00f6zl\u00fc sunum olarak online ger\u00e7ekle\u015fecektir.<\/li>\n<li>Sunumlar alt s\u0131n\u0131r olmamakla birlikte azami 20 dakika olacak \u015fekilde tasarlanmal\u0131d\u0131r. (Soru cevap b\u00f6l\u00fcm\u00fc i\u00e7in ilave 10 dakika verilebilecektir.)<\/li>\n<li>Sempozyum kapsam\u0131nda kabul edilen ve sunulan t\u00fcm yay\u0131nlar ISBN numaral\u0131 bildiri \u00f6zetleri e- kitab\u0131 format\u0131nda yay\u0131nlanacakt\u0131r.<\/li>\n<li>Kat\u0131l\u0131mc\u0131lar\u0131n s\u00f6zl\u00fc sunum belgeleri e-posta ile g\u00f6nderilecektir.<\/li>\n<li>Bildirinizi ilgili mail adreslerine ilettikten sonra t\u00fcm s\u00fcre\u00e7 e-posta arac\u0131l\u0131\u011f\u0131 ile y\u00fcr\u00fct\u00fclmektedir.\u00a0\u00d6zet bildirilerinizi belirtilen tarihe kadar; <u><strong><a href=\"mailto:gsonakalan@ticaret.edu.tr\">gsonakalan@ticaret.edu.tr<\/a><\/strong><\/u>adresine g\u00f6ndermeniz gerekmektedir.<\/li>\n<li>Sempozyumun s\u00f6zl\u00fc sunumlardaki ve \u00f6zet metinlerde ki resmi dili T\u00fcrk\u00e7e \u2019dir.<\/li>\n<\/ul>\n<div><strong>\u00d6NEML\u0130 TAR\u0130HLER<\/strong>\u00d6zet g\u00f6nderimi i\u00e7in son g\u00fcn: 27 Haziran 2020<br \/>\nKabul edilen \u00f6zetlerin bildirilmesi: 28 Haziran 2020<br \/>\nKonferans program\u0131n\u0131n ilan\u0131: 29 Haziran 2020<br \/>\nKonferans tarihi: 30 Haziran 2020<strong>SEMPOZYUM KONULARI<\/strong><\/p>\n<\/div>\n<\/div>\n<div><\/div>\n<div>\n<ul>\n<li>E\u011fitim Bilimleri<\/li>\n<li>Ekonomi<\/li>\n<li>Finans<\/li>\n<li>Giri\u015fimcilik ve Liderlik<\/li>\n<li>Hukuk<\/li>\n<li>\u0130leti\u015fim<\/li>\n<li>\u0130statistik<\/li>\n<li>\u0130\u015fletme<\/li>\n<li>Kamu Y\u00f6netimi<\/li>\n<li>Kentle\u015fme ve \u00c7evre Sorunlar\u0131<\/li>\n<li>Lojistik ve Tedarik Zinciri<\/li>\n<li>Maliye<\/li>\n<li>Muhasebe<\/li>\n<li>Pazarlama<\/li>\n<li>Psikoloji<\/li>\n<li>Siyaset Bilimi<\/li>\n<li>Sosyoloji<\/li>\n<li>Spor<\/li>\n<li>Tar\u0131m Ekonomisi ve Politikalar\u0131<\/li>\n<li>Tarih<\/li>\n<li>Turizm<\/li>\n<li>T\u00fcrk K\u00fclt\u00fcr\u00fc<\/li>\n<li>Uluslararas\u0131 \u0130li\u015fkiler<\/li>\n<li>\u00dcretim<\/li>\n<li>Y\u00f6netim Bili\u015fim Sistemleri<\/li>\n<li>Y\u00f6netim ve Organizasyon<\/li>\n<\/ul>\n<\/div>\n<div>\n<p><strong>YAZIM KURALLARI<\/strong><\/p>\n<p>\u00d6zet bildiri g\u00f6nderimleri i\u00e7in a\u015fa\u011f\u0131daki yaz\u0131m kurallar\u0131na uyulmas\u0131 hususu \u00f6nem arz etmektedir.<\/p>\n<\/div>\n<p>&nbsp;<\/p>\n<table border=\"1\" cellspacing=\"3\" cellpadding=\"3\" align=\"center\">\n<tbody>\n<tr>\n<td colspan=\"2\"><strong>Sayfa Yap\u0131s\u0131 ve Yaz\u0131 Bi\u00e7imi<\/strong><\/td>\n<\/tr>\n<tr>\n<td><strong>Yaz\u0131 Tipi ve Boyutu<\/strong>Yaz\u0131 Tipi: Times New Roman<br \/>\nYaz\u0131 Boyutu: 12 punto<\/td>\n<td><strong>Sayfa Yap\u0131s\u0131<\/strong><\/p>\n<p>\u00dcst: 2,5 cm; Alt: 2,5 cm<br \/>\nSol: 2,5 cm; Sa\u011f: 2,5 cm<br \/>\nAnahtar Kelimeler (En az 3 kelime)<br \/>\n\u00d6zet Kelime Say\u0131s\u0131: min. 200 \u2013 max. 500 kelime<\/td>\n<\/tr>\n<\/tbody>\n<\/table>\n","protected":false},"excerpt":{"rendered":"<p>2020 y\u0131l\u0131n\u0131n hen\u00fcz ba\u015flar\u0131nda \u00c7in merkezli etkisini g\u00f6stermeye ba\u015flayan ve \u015fuan da t\u00fcm d\u00fcnya i\u00e7in yap\u0131sal bir sorun halini alan COVID-19 salg\u0131n\u0131 \u00e7ok y\u00f6nl\u00fc olarak her alana etki etmektedir. \u015e\u00fcphesiz sa\u011fl\u0131k konular\u0131n\u0131n ve buna ba\u011fl\u0131 tedbirlerin \u00f6nceledi\u011fi bir d\u00fcnya g\u00fcndeminde genel ekonomik durumu, s\u00fcre\u00e7lerin meydana getirdi\u011fi hasarlar\u0131 ve konuya ili\u015fkin temel \u00f6nerileri de sunma gereklili\u011fi [&hellip;]<\/p>\n","protected":false},"author":228,"featured_media":0,"comment_status":"closed","ping_status":"closed","sticky":false,"template":"","format":"standard","meta":{"footnotes":""},"categories":[3],"tags":[],"yoast_head":"<!-- This site is optimized with the Yoast SEO Premium plugin v22.1 (Yoast SEO v22.1) - https:\/\/yoast.com\/wordpress\/plugins\/seo\/ -->\n<title>Covid 19 Pandemisinin T\u00fcrkiye\u2019ye Etkileri Sempozyumu (Online) - Duyurular - \u00dcniversite-\u0130\u015f D\u00fcnyas\u0131 \u0130li\u015fkileri Uygulama ve Ara\u015ft\u0131rma Merkezi<\/title>\n<meta name=\"description\" content=\"Covid 19 Pandemisinin T\u00fcrkiye\u2019ye Etkileri Sempozyumu (Online)\" \/>\n<meta name=\"robots\" content=\"index, follow, max-snippet:-1, max-image-preview:large, max-video-preview:-1\" \/>\n<link rel=\"canonical\" href=\"https:\/\/ticaret.edu.tr\/universite-is-dunyasi-iliskileri-uygulama-ve-arastirma-merkezi\/2020\/06\/30\/covid-19-pandemisinin-turkiyeye-etkileri-sempozyumu-online\/\" \/>\n<meta property=\"og:locale\" content=\"tr_TR\" \/>\n<meta property=\"og:type\" content=\"article\" \/>\n<meta property=\"og:title\" content=\"Covid 19 Pandemisinin T\u00fcrkiye\u2019ye Etkileri Sempozyumu (Online)\" \/>\n<meta property=\"og:description\" content=\"Covid 19 Pandemisinin T\u00fcrkiye\u2019ye Etkileri Sempozyumu (Online)\" \/>\n<meta property=\"og:url\" content=\"https:\/\/ticaret.edu.tr\/universite-is-dunyasi-iliskileri-uygulama-ve-arastirma-merkezi\/2020\/06\/30\/covid-19-pandemisinin-turkiyeye-etkileri-sempozyumu-online\/\" \/>\n<meta property=\"og:site_name\" content=\"\u00dcniversite-\u0130\u015f D\u00fcnyas\u0131 \u0130li\u015fkileri Uygulama ve Ara\u015ft\u0131rma Merkezi\" \/>\n<meta property=\"article:publisher\" content=\"https:\/\/www.facebook.com\/ticaretedutr\" \/>\n<meta property=\"article:published_time\" content=\"2020-06-30T11:45:19+00:00\" \/>\n<meta property=\"article:modified_time\" content=\"2021-12-06T13:18:43+00:00\" \/>\n<meta property=\"og:image\" content=\"http:\/\/ticaret.edu.tr\/universite-is-dunyasi-iliskileri-uygulama-ve-arastirma-merkezi\/wp-content\/uploads\/sites\/51\/2021\/11\/web_logo-01.jpg\" \/>\n\t<meta property=\"og:image:width\" content=\"1250\" \/>\n\t<meta property=\"og:image:height\" content=\"833\" \/>\n\t<meta property=\"og:image:type\" content=\"image\/jpeg\" \/>\n<meta name=\"author\" content=\"lsyavuz\" \/>\n<meta name=\"twitter:card\" content=\"summary_large_image\" \/>\n<meta name=\"twitter:creator\" content=\"@ticaretedutr\" \/>\n<meta name=\"twitter:site\" content=\"@ticaretedutr\" \/>\n<meta name=\"twitter:label1\" content=\"Yazan:\" \/>\n\t<meta name=\"twitter:data1\" content=\"lsyavuz\" \/>\n\t<meta name=\"twitter:label2\" content=\"Tahmini okuma s\u00fcresi\" \/>\n\t<meta name=\"twitter:data2\" content=\"3 dakika\" \/>\n<script type=\"application\/ld+json\" class=\"yoast-schema-graph\">{\"@context\":\"https:\/\/schema.org\",\"@graph\":[{\"@type\":\"WebPage\",\"@id\":\"https:\/\/ticaret.edu.tr\/universite-is-dunyasi-iliskileri-uygulama-ve-arastirma-merkezi\/2020\/06\/30\/covid-19-pandemisinin-turkiyeye-etkileri-sempozyumu-online\/\",\"url\":\"https:\/\/ticaret.edu.tr\/universite-is-dunyasi-iliskileri-uygulama-ve-arastirma-merkezi\/2020\/06\/30\/covid-19-pandemisinin-turkiyeye-etkileri-sempozyumu-online\/\",\"name\":\"Covid 19 Pandemisinin T\u00fcrkiye\u2019ye Etkileri Sempozyumu (Online) - Duyurular - \u00dcniversite-\u0130\u015f D\u00fcnyas\u0131 \u0130li\u015fkileri Uygulama ve Ara\u015ft\u0131rma Merkezi\",\"isPartOf\":{\"@id\":\"http:\/\/ticaret.edu.tr\/universite-is-dunyasi-iliskileri-uygulama-ve-arastirma-merkezi\/en\/#website\"},\"datePublished\":\"2020-06-30T11:45:19+00:00\",\"dateModified\":\"2021-12-06T13:18:43+00:00\",\"author\":{\"@id\":\"http:\/\/ticaret.edu.tr\/universite-is-dunyasi-iliskileri-uygulama-ve-arastirma-merkezi\/en\/#\/schema\/person\/3e51801bea7c204b608e281eb95bc580\"},\"description\":\"Covid 19 Pandemisinin T\u00fcrkiye\u2019ye Etkileri Sempozyumu (Online)\",\"breadcrumb\":{\"@id\":\"https:\/\/ticaret.edu.tr\/universite-is-dunyasi-iliskileri-uygulama-ve-arastirma-merkezi\/2020\/06\/30\/covid-19-pandemisinin-turkiyeye-etkileri-sempozyumu-online\/#breadcrumb\"},\"inLanguage\":\"tr\",\"potentialAction\":[{\"@type\":\"ReadAction\",\"target\":[\"https:\/\/ticaret.edu.tr\/universite-is-dunyasi-iliskileri-uygulama-ve-arastirma-merkezi\/2020\/06\/30\/covid-19-pandemisinin-turkiyeye-etkileri-sempozyumu-online\/\"]}]},{\"@type\":\"BreadcrumbList\",\"@id\":\"https:\/\/ticaret.edu.tr\/universite-is-dunyasi-iliskileri-uygulama-ve-arastirma-merkezi\/2020\/06\/30\/covid-19-pandemisinin-turkiyeye-etkileri-sempozyumu-online\/#breadcrumb\",\"itemListElement\":[{\"@type\":\"ListItem\",\"position\":1,\"name\":\"Ana sayfa\",\"item\":\"https:\/\/ticaret.edu.tr\/universite-is-dunyasi-iliskileri-uygulama-ve-arastirma-merkezi\/\"},{\"@type\":\"ListItem\",\"position\":2,\"name\":\"Covid 19 Pandemisinin T\u00fcrkiye\u2019ye Etkileri Sempozyumu (Online)\"}]},{\"@type\":\"WebSite\",\"@id\":\"http:\/\/ticaret.edu.tr\/universite-is-dunyasi-iliskileri-uygulama-ve-arastirma-merkezi\/en\/#website\",\"url\":\"http:\/\/ticaret.edu.tr\/universite-is-dunyasi-iliskileri-uygulama-ve-arastirma-merkezi\/en\/\",\"name\":\"\u00dcniversite-\u0130\u015f D\u00fcnyas\u0131 \u0130li\u015fkileri Uygulama ve Ara\u015ft\u0131rma Merkezi\",\"description\":\"Bir ba\u015fka \u0130stanbul Ticaret \u00dcniversitesi site sitesi\",\"potentialAction\":[{\"@type\":\"SearchAction\",\"target\":{\"@type\":\"EntryPoint\",\"urlTemplate\":\"http:\/\/ticaret.edu.tr\/universite-is-dunyasi-iliskileri-uygulama-ve-arastirma-merkezi\/en\/?s={search_term_string}\"},\"query-input\":\"required name=search_term_string\"}],\"inLanguage\":\"tr\"},{\"@type\":\"Person\",\"@id\":\"http:\/\/ticaret.edu.tr\/universite-is-dunyasi-iliskileri-uygulama-ve-arastirma-merkezi\/en\/#\/schema\/person\/3e51801bea7c204b608e281eb95bc580\",\"name\":\"lsyavuz\",\"image\":{\"@type\":\"ImageObject\",\"inLanguage\":\"tr\",\"@id\":\"http:\/\/ticaret.edu.tr\/universite-is-dunyasi-iliskileri-uygulama-ve-arastirma-merkezi\/en\/#\/schema\/person\/image\/\",\"url\":\"http:\/\/1.gravatar.com\/avatar\/da04775b45ba36e4e3a3318a8683b823?s=96&d=mm&r=g\",\"contentUrl\":\"http:\/\/1.gravatar.com\/avatar\/da04775b45ba36e4e3a3318a8683b823?s=96&d=mm&r=g\",\"caption\":\"lsyavuz\"},\"url\":\"http:\/\/ticaret.edu.tr\/universite-is-dunyasi-iliskileri-uygulama-ve-arastirma-merkezi\/author\/lsyavuz\/\"}]}<\/script>\n<!-- \/ Yoast SEO Premium plugin. -->","yoast_head_json":{"title":"Covid 19 Pandemisinin T\u00fcrkiye\u2019ye Etkileri Sempozyumu (Online) - Duyurular - \u00dcniversite-\u0130\u015f D\u00fcnyas\u0131 \u0130li\u015fkileri Uygulama ve Ara\u015ft\u0131rma Merkezi","description":"Covid 19 Pandemisinin T\u00fcrkiye\u2019ye Etkileri Sempozyumu (Online)","robots":{"index":"index","follow":"follow","max-snippet":"max-snippet:-1","max-image-preview":"max-image-preview:large","max-video-preview":"max-video-preview:-1"},"canonical":"https:\/\/ticaret.edu.tr\/universite-is-dunyasi-iliskileri-uygulama-ve-arastirma-merkezi\/2020\/06\/30\/covid-19-pandemisinin-turkiyeye-etkileri-sempozyumu-online\/","og_locale":"tr_TR","og_type":"article","og_title":"Covid 19 Pandemisinin T\u00fcrkiye\u2019ye Etkileri Sempozyumu (Online)","og_description":"Covid 19 Pandemisinin T\u00fcrkiye\u2019ye Etkileri Sempozyumu (Online)","og_url":"https:\/\/ticaret.edu.tr\/universite-is-dunyasi-iliskileri-uygulama-ve-arastirma-merkezi\/2020\/06\/30\/covid-19-pandemisinin-turkiyeye-etkileri-sempozyumu-online\/","og_site_name":"\u00dcniversite-\u0130\u015f D\u00fcnyas\u0131 \u0130li\u015fkileri Uygulama ve Ara\u015ft\u0131rma Merkezi","article_publisher":"https:\/\/www.facebook.com\/ticaretedutr","article_published_time":"2020-06-30T11:45:19+00:00","article_modified_time":"2021-12-06T13:18:43+00:00","og_image":[{"width":1250,"height":833,"url":"http:\/\/ticaret.edu.tr\/universite-is-dunyasi-iliskileri-uygulama-ve-arastirma-merkezi\/wp-content\/uploads\/sites\/51\/2021\/11\/web_logo-01.jpg","type":"image\/jpeg"}],"author":"lsyavuz","twitter_card":"summary_large_image","twitter_creator":"@ticaretedutr","twitter_site":"@ticaretedutr","twitter_misc":{"Yazan:":"lsyavuz","Tahmini okuma s\u00fcresi":"3 dakika"},"schema":{"@context":"https:\/\/schema.org","@graph":[{"@type":"WebPage","@id":"https:\/\/ticaret.edu.tr\/universite-is-dunyasi-iliskileri-uygulama-ve-arastirma-merkezi\/2020\/06\/30\/covid-19-pandemisinin-turkiyeye-etkileri-sempozyumu-online\/","url":"https:\/\/ticaret.edu.tr\/universite-is-dunyasi-iliskileri-uygulama-ve-arastirma-merkezi\/2020\/06\/30\/covid-19-pandemisinin-turkiyeye-etkileri-sempozyumu-online\/","name":"Covid 19 Pandemisinin T\u00fcrkiye\u2019ye Etkileri Sempozyumu (Online) - Duyurular - \u00dcniversite-\u0130\u015f D\u00fcnyas\u0131 \u0130li\u015fkileri Uygulama ve Ara\u015ft\u0131rma Merkezi","isPartOf":{"@id":"http:\/\/ticaret.edu.tr\/universite-is-dunyasi-iliskileri-uygulama-ve-arastirma-merkezi\/en\/#website"},"datePublished":"2020-06-30T11:45:19+00:00","dateModified":"2021-12-06T13:18:43+00:00","author":{"@id":"http:\/\/ticaret.edu.tr\/universite-is-dunyasi-iliskileri-uygulama-ve-arastirma-merkezi\/en\/#\/schema\/person\/3e51801bea7c204b608e281eb95bc580"},"description":"Covid 19 Pandemisinin T\u00fcrkiye\u2019ye Etkileri Sempozyumu (Online)","breadcrumb":{"@id":"https:\/\/ticaret.edu.tr\/universite-is-dunyasi-iliskileri-uygulama-ve-arastirma-merkezi\/2020\/06\/30\/covid-19-pandemisinin-turkiyeye-etkileri-sempozyumu-online\/#breadcrumb"},"inLanguage":"tr","potentialAction":[{"@type":"ReadAction","target":["https:\/\/ticaret.edu.tr\/universite-is-dunyasi-iliskileri-uygulama-ve-arastirma-merkezi\/2020\/06\/30\/covid-19-pandemisinin-turkiyeye-etkileri-sempozyumu-online\/"]}]},{"@type":"BreadcrumbList","@id":"https:\/\/ticaret.edu.tr\/universite-is-dunyasi-iliskileri-uygulama-ve-arastirma-merkezi\/2020\/06\/30\/covid-19-pandemisinin-turkiyeye-etkileri-sempozyumu-online\/#breadcrumb","itemListElement":[{"@type":"ListItem","position":1,"name":"Ana sayfa","item":"https:\/\/ticaret.edu.tr\/universite-is-dunyasi-iliskileri-uygulama-ve-arastirma-merkezi\/"},{"@type":"ListItem","position":2,"name":"Covid 19 Pandemisinin T\u00fcrkiye\u2019ye Etkileri Sempozyumu (Online)"}]},{"@type":"WebSite","@id":"http:\/\/ticaret.edu.tr\/universite-is-dunyasi-iliskileri-uygulama-ve-arastirma-merkezi\/en\/#website","url":"http:\/\/ticaret.edu.tr\/universite-is-dunyasi-iliskileri-uygulama-ve-arastirma-merkezi\/en\/","name":"\u00dcniversite-\u0130\u015f D\u00fcnyas\u0131 \u0130li\u015fkileri Uygulama ve Ara\u015ft\u0131rma Merkezi","description":"Bir ba\u015fka \u0130stanbul Ticaret \u00dcniversitesi site sitesi","potentialAction":[{"@type":"SearchAction","target":{"@type":"EntryPoint","urlTemplate":"http:\/\/ticaret.edu.tr\/universite-is-dunyasi-iliskileri-uygulama-ve-arastirma-merkezi\/en\/?s={search_term_string}"},"query-input":"required name=search_term_string"}],"inLanguage":"tr"},{"@type":"Person","@id":"http:\/\/ticaret.edu.tr\/universite-is-dunyasi-iliskileri-uygulama-ve-arastirma-merkezi\/en\/#\/schema\/person\/3e51801bea7c204b608e281eb95bc580","name":"lsyavuz","image":{"@type":"ImageObject","inLanguage":"tr","@id":"http:\/\/ticaret.edu.tr\/universite-is-dunyasi-iliskileri-uygulama-ve-arastirma-merkezi\/en\/#\/schema\/person\/image\/","url":"http:\/\/1.gravatar.com\/avatar\/da04775b45ba36e4e3a3318a8683b823?s=96&d=mm&r=g","contentUrl":"http:\/\/1.gravatar.com\/avatar\/da04775b45ba36e4e3a3318a8683b823?s=96&d=mm&r=g","caption":"lsyavuz"},"url":"http:\/\/ticaret.edu.tr\/universite-is-dunyasi-iliskileri-uygulama-ve-arastirma-merkezi\/author\/lsyavuz\/"}]}},"lang":"tr","translations":{"tr":71},"pll_sync_post":[],"_links":{"self":[{"href":"http:\/\/ticaret.edu.tr\/universite-is-dunyasi-iliskileri-uygulama-ve-arastirma-merkezi\/wp-json\/wp\/v2\/posts\/71"}],"collection":[{"href":"http:\/\/ticaret.edu.tr\/universite-is-dunyasi-iliskileri-uygulama-ve-arastirma-merkezi\/wp-json\/wp\/v2\/posts"}],"about":[{"href":"http:\/\/ticaret.edu.tr\/universite-is-dunyasi-iliskileri-uygulama-ve-arastirma-merkezi\/wp-json\/wp\/v2\/types\/post"}],"author":[{"embeddable":true,"href":"http:\/\/ticaret.edu.tr\/universite-is-dunyasi-iliskileri-uygulama-ve-arastirma-merkezi\/wp-json\/wp\/v2\/users\/228"}],"replies":[{"embeddable":true,"href":"http:\/\/ticaret.edu.tr\/universite-is-dunyasi-iliskileri-uygulama-ve-arastirma-merkezi\/wp-json\/wp\/v2\/comments?post=71"}],"version-history":[{"count":2,"href":"http:\/\/ticaret.edu.tr\/universite-is-dunyasi-iliskileri-uygulama-ve-arastirma-merkezi\/wp-json\/wp\/v2\/posts\/71\/revisions"}],"predecessor-version":[{"id":236,"href":"http:\/\/ticaret.edu.tr\/universite-is-dunyasi-iliskileri-uygulama-ve-arastirma-merkezi\/wp-json\/wp\/v2\/posts\/71\/revisions\/236"}],"wp:attachment":[{"href":"http:\/\/ticaret.edu.tr\/universite-is-dunyasi-iliskileri-uygulama-ve-arastirma-merkezi\/wp-json\/wp\/v2\/media?parent=71"}],"wp:term":[{"taxonomy":"category","embeddable":true,"href":"http:\/\/ticaret.edu.tr\/universite-is-dunyasi-iliskileri-uygulama-ve-arastirma-merkezi\/wp-json\/wp\/v2\/categories?post=71"},{"taxonomy":"post_tag","embeddable":true,"href":"http:\/\/ticaret.edu.tr\/universite-is-dunyasi-iliskileri-uygulama-ve-arastirma-merkezi\/wp-json\/wp\/v2\/tags?post=71"}],"curies":[{"name":"wp","href":"https:\/\/api.w.org\/{rel}","templated":true}]}}